{"id":1614,"date":"2025-04-17T15:07:03","date_gmt":"2025-04-17T13:07:03","guid":{"rendered":"https:\/\/sunlifehomes-mallorca.com\/?p=1614"},"modified":"2025-04-17T16:37:50","modified_gmt":"2025-04-17T14:37:50","slug":"pascua-en-mallorca","status":"publish","type":"post","link":"https:\/\/sunlifehomes-mallorca.com\/es\/2025\/04\/17\/pascua-en-mallorca\/","title":{"rendered":"Pascua en Mallorca"},"content":{"rendered":"<div class=\"wp-block-post-date\"><time datetime=\"2025-04-17T15:07:03+02:00\">17. abril 2025<\/time><\/div>\n\n<h1 class=\"wp-block-post-title\">Pascua en Mallorca<\/h1>\n\n\n<h4 class=\"wp-block-heading\">El Despertar de la Primavera en la Isla<\/h4>\n\n\n\n<p>Cuando la naturaleza despierta, los primeros rayos de sol acarician la piel y los naranjos est\u00e1n en plena floraci\u00f3n, la Pascua en Mallorca se convierte en un momento verdaderamente m\u00e1gico. La isla se muestra en su mejor versi\u00f3n: temperaturas suaves, paisajes florecientes y una atm\u00f3sfera \u00fanica invitan a pasar las vacaciones en Mallorca.<\/p>\n\n\n\n<h4 class=\"wp-block-heading\">Vive la Tradici\u00f3n y la Cultura de Cerca<\/h4>\n\n\n\n<p>La Pascua en Mallorca es mucho m\u00e1s que unas vacaciones de primavera; es un tiempo donde las tradiciones y la cultura cobran protagonismo. Especialmente impresionantes son las <strong>procesiones de Semana Santa<\/strong>, que tienen lugar en muchas ciudades y pueblos. Los desfiles solemnes, en los que los miembros de las cofrad\u00edas recorren las calles con t\u00fanicas tradicionales, son una experiencia profundamente arraigada que cautiva a los visitantes.<\/p>\n\n\n\n<p>Palma de Mallorca ofrece algunas de las procesiones m\u00e1s espectaculares, incluida la gran procesi\u00f3n del Viernes Santo. Sus escenarios hist\u00f3ricos, m\u00fasica m\u00edstica e impresionantes juegos de luces hacen de estas celebraciones una experiencia inolvidable.<\/p>\n\n\n\n<h4 class=\"wp-block-heading\">Un placer para todos los sentidos<\/h4>\n\n\n\n<p>Adem\u00e1s de las celebraciones religiosas, la Pascua en Mallorca es tambi\u00e9n una \u00e9poca de delicias culinarias. En muchas panader\u00edas y restaurantes se pueden encontrar dulces t\u00edpicos de Pascua como las <em>Panades<\/em> \u2013 empanadas rellenas de carne de cordero o pescado \u2013 as\u00ed como los dulces <em>Robiols<\/em> y <em>Crespells<\/em>, rellenos de mermelada o chocolate. \u00a1Un placer para grandes y peque\u00f1os!<\/p>\n\n\n\n<h4 class=\"wp-block-heading\">Clima primaveral perfecto para aventuras al aire libre<\/h4>\n\n\n\n<p>Mientras que en muchas partes de Europa el clima sigue siendo inestable, en Mallorca ya se disfrutan temperaturas agradables de entre 18 y 22 grados. Ideal para hacer largas caminatas por la costa o entre los almendros y limoneros en flor. Muy recomendable es una excursi\u00f3n al monasterio de Lluc o por los acantilados de la Sierra de Tramuntana \u2013 donde se puede disfrutar de una vista impresionante del mar turquesa.<\/p>\n\n\n\n<p>Tambi\u00e9n los ciclistas disfrutan al m\u00e1ximo en primavera. La isla ofrece innumerables rutas que atraviesan pueblos pintorescos y paisajes de ensue\u00f1o. Quienes prefieren algo m\u00e1s relajado pueden pasar el d\u00eda en la playa o hacer una excursi\u00f3n en barco para descubrir la costa desde una nueva perspectiva.<\/p>\n\n\n\n<h4 class=\"wp-block-heading\">Lujo y naturaleza \u2013 Alojamientos exclusivos para Semana Santa<\/h4>\n\n\n\n<p>Para quienes desean disfrutar de la Pascua con estilo, Mallorca ofrece una gran variedad de fincas lujosas y villas exclusivas con impresionantes vistas al mar. Ya sea una villa moderna de dise\u00f1o o una finca rural tradicional \u2013 aqu\u00ed se puede disfrutar de la Pascua con total privacidad y el m\u00e1ximo confort.<\/p>\n\n\n\n<h4 class=\"wp-block-heading\">Pascua en Mallorca \u2013 Una Experiencia Inolvidablee<\/h4>\n\n\n\n<p>Ya sea que te apasione la cultura, la gastronom\u00eda, la naturaleza o la relajaci\u00f3n, Mallorca es un verdadero para\u00edso en Semana Santa. D\u00e9jate cautivar y vive la Pascua de una manera completamente diferente \u2013 \u00a1en Mallorca!<br><\/p>\n","protected":false},"excerpt":{"rendered":"<p>Cuando la naturaleza despierta, los primeros rayos de sol acarician la piel y los naranjos est\u00e1n en plena floraci\u00f3n, la Pascua en Mallorca se convierte en un momento verdaderamente m\u00e1gico. La isla se muestra en su mejor versi\u00f3n: temperaturas suaves, paisajes florecientes y una atm\u00f3sfera \u00fanica invitan a pasar las vacaciones en Mallorca.<\/p>\n","protected":false},"author":1,"featured_media":1637,"comment_status":"closed","ping_status":"closed","sticky":false,"template":"","format":"standard","meta":{"footnotes":""},"categories":[6],"tags":[],"class_list":["post-1614","post","type-post","status-publish","format-standard","has-post-thumbnail","hentry","category-sin-categorizar"],"yoast_head":"<!-- This site is optimized with the Yoast SEO plugin v23.9 - https:\/\/yoast.com\/wordpress\/plugins\/seo\/ -->\n<title>Pascua en Mallorca - Sunlife Homes Mallorca<\/title>\n<meta name=\"description\" content=\"Cuando la naturaleza despierta, los primeros rayos de sol acarician la piel y los naranjos est\u00e1n en plena floraci\u00f3n, la Pascua en Mallorca se convierte en un momento verdaderamente m\u00e1gico. La isla se muestra en su mejor versi\u00f3n: temperaturas suaves, paisajes florecientes y una atm\u00f3sfera \u00fanica invitan a pasar las vacaciones en Mallorca.\" \/>\n<meta name=\"robots\" content=\"index, follow, max-snippet:-1, max-image-preview:large, max-video-preview:-1\" \/>\n<link rel=\"canonical\" href=\"https:\/\/sunlifehomes-mallorca.com\/es\/2025\/04\/17\/pascua-en-mallorca\/\" \/>\n<meta property=\"og:locale\" content=\"es_ES\" \/>\n<meta property=\"og:type\" content=\"article\" \/>\n<meta property=\"og:title\" content=\"Pascua en Mallorca - Sunlife Homes Mallorca\" \/>\n<meta property=\"og:description\" content=\"Cuando la naturaleza despierta, los primeros rayos de sol acarician la piel y los naranjos est\u00e1n en plena floraci\u00f3n, la Pascua en Mallorca se convierte en un momento verdaderamente m\u00e1gico. La isla se muestra en su mejor versi\u00f3n: temperaturas suaves, paisajes florecientes y una atm\u00f3sfera \u00fanica invitan a pasar las vacaciones en Mallorca.\" \/>\n<meta property=\"og:url\" content=\"https:\/\/sunlifehomes-mallorca.com\/es\/2025\/04\/17\/pascua-en-mallorca\/\" \/>\n<meta property=\"og:site_name\" content=\"Sunlife Homes Mallorca\" \/>\n<meta property=\"article:published_time\" content=\"2025-04-17T13:07:03+00:00\" \/>\n<meta property=\"article:modified_time\" content=\"2025-04-17T14:37:50+00:00\" \/>\n<meta property=\"og:image\" content=\"https:\/\/sunlifehomes-mallorca.com\/wp-content\/uploads\/2025\/04\/7.Ostern-auf-Mallorca.jpg\" \/>\n\t<meta property=\"og:image:width\" content=\"2048\" \/>\n\t<meta property=\"og:image:height\" content=\"1536\" \/>\n\t<meta property=\"og:image:type\" content=\"image\/jpeg\" \/>\n<meta name=\"author\" content=\"mk_admin\" \/>\n<meta name=\"twitter:card\" content=\"summary_large_image\" \/>\n<meta name=\"twitter:label1\" content=\"Escrito por\" \/>\n\t<meta name=\"twitter:data1\" content=\"mk_admin\" \/>\n\t<meta name=\"twitter:label2\" content=\"Tiempo de lectura\" \/>\n\t<meta name=\"twitter:data2\" content=\"3 minutos\" \/>\n<script type=\"application\/ld+json\" class=\"yoast-schema-graph\">{\"@context\":\"https:\/\/schema.org\",\"@graph\":[{\"@type\":\"Article\",\"@id\":\"https:\/\/sunlifehomes-mallorca.com\/es\/2025\/04\/17\/pascua-en-mallorca\/#article\",\"isPartOf\":{\"@id\":\"https:\/\/sunlifehomes-mallorca.com\/es\/2025\/04\/17\/pascua-en-mallorca\/\"},\"author\":{\"name\":\"mk_admin\",\"@id\":\"https:\/\/sunlifehomes-mallorca.com\/es\/#\/schema\/person\/65323e49db7622bcfda2d479a29444e1\"},\"headline\":\"Pascua en Mallorca\",\"datePublished\":\"2025-04-17T13:07:03+00:00\",\"dateModified\":\"2025-04-17T14:37:50+00:00\",\"mainEntityOfPage\":{\"@id\":\"https:\/\/sunlifehomes-mallorca.com\/es\/2025\/04\/17\/pascua-en-mallorca\/\"},\"wordCount\":490,\"publisher\":{\"@id\":\"https:\/\/sunlifehomes-mallorca.com\/es\/#organization\"},\"image\":{\"@id\":\"https:\/\/sunlifehomes-mallorca.com\/es\/2025\/04\/17\/pascua-en-mallorca\/#primaryimage\"},\"thumbnailUrl\":\"https:\/\/sunlifehomes-mallorca.com\/wp-content\/uploads\/2025\/04\/7.Ostern-auf-Mallorca.jpg\",\"articleSection\":[\"Sin categorizar\"],\"inLanguage\":\"es\"},{\"@type\":\"WebPage\",\"@id\":\"https:\/\/sunlifehomes-mallorca.com\/es\/2025\/04\/17\/pascua-en-mallorca\/\",\"url\":\"https:\/\/sunlifehomes-mallorca.com\/es\/2025\/04\/17\/pascua-en-mallorca\/\",\"name\":\"Pascua en Mallorca - Sunlife Homes Mallorca\",\"isPartOf\":{\"@id\":\"https:\/\/sunlifehomes-mallorca.com\/es\/#website\"},\"primaryImageOfPage\":{\"@id\":\"https:\/\/sunlifehomes-mallorca.com\/es\/2025\/04\/17\/pascua-en-mallorca\/#primaryimage\"},\"image\":{\"@id\":\"https:\/\/sunlifehomes-mallorca.com\/es\/2025\/04\/17\/pascua-en-mallorca\/#primaryimage\"},\"thumbnailUrl\":\"https:\/\/sunlifehomes-mallorca.com\/wp-content\/uploads\/2025\/04\/7.Ostern-auf-Mallorca.jpg\",\"datePublished\":\"2025-04-17T13:07:03+00:00\",\"dateModified\":\"2025-04-17T14:37:50+00:00\",\"description\":\"Cuando la naturaleza despierta, los primeros rayos de sol acarician la piel y los naranjos est\u00e1n en plena floraci\u00f3n, la Pascua en Mallorca se convierte en un momento verdaderamente m\u00e1gico. La isla se muestra en su mejor versi\u00f3n: temperaturas suaves, paisajes florecientes y una atm\u00f3sfera \u00fanica invitan a pasar las vacaciones en Mallorca.\",\"breadcrumb\":{\"@id\":\"https:\/\/sunlifehomes-mallorca.com\/es\/2025\/04\/17\/pascua-en-mallorca\/#breadcrumb\"},\"inLanguage\":\"es\",\"potentialAction\":[{\"@type\":\"ReadAction\",\"target\":[\"https:\/\/sunlifehomes-mallorca.com\/es\/2025\/04\/17\/pascua-en-mallorca\/\"]}]},{\"@type\":\"ImageObject\",\"inLanguage\":\"es\",\"@id\":\"https:\/\/sunlifehomes-mallorca.com\/es\/2025\/04\/17\/pascua-en-mallorca\/#primaryimage\",\"url\":\"https:\/\/sunlifehomes-mallorca.com\/wp-content\/uploads\/2025\/04\/7.Ostern-auf-Mallorca.jpg\",\"contentUrl\":\"https:\/\/sunlifehomes-mallorca.com\/wp-content\/uploads\/2025\/04\/7.Ostern-auf-Mallorca.jpg\",\"width\":2048,\"height\":1536,\"caption\":\"Ostern auf Mallorca\"},{\"@type\":\"BreadcrumbList\",\"@id\":\"https:\/\/sunlifehomes-mallorca.com\/es\/2025\/04\/17\/pascua-en-mallorca\/#breadcrumb\",\"itemListElement\":[{\"@type\":\"ListItem\",\"position\":1,\"name\":\"Startseite\",\"item\":\"https:\/\/sunlifehomes-mallorca.com\/es\/\"},{\"@type\":\"ListItem\",\"position\":2,\"name\":\"Pascua en Mallorca\"}]},{\"@type\":\"WebSite\",\"@id\":\"https:\/\/sunlifehomes-mallorca.com\/es\/#website\",\"url\":\"https:\/\/sunlifehomes-mallorca.com\/es\/\",\"name\":\"Sunlife Homes Mallorca\",\"description\":\"Real Estate\",\"publisher\":{\"@id\":\"https:\/\/sunlifehomes-mallorca.com\/es\/#organization\"},\"potentialAction\":[{\"@type\":\"SearchAction\",\"target\":{\"@type\":\"EntryPoint\",\"urlTemplate\":\"https:\/\/sunlifehomes-mallorca.com\/es\/?s={search_term_string}\"},\"query-input\":{\"@type\":\"PropertyValueSpecification\",\"valueRequired\":true,\"valueName\":\"search_term_string\"}}],\"inLanguage\":\"es\"},{\"@type\":\"Organization\",\"@id\":\"https:\/\/sunlifehomes-mallorca.com\/es\/#organization\",\"name\":\"Sunlife Homes Mallorca\",\"url\":\"https:\/\/sunlifehomes-mallorca.com\/es\/\",\"logo\":{\"@type\":\"ImageObject\",\"inLanguage\":\"es\",\"@id\":\"https:\/\/sunlifehomes-mallorca.com\/es\/#\/schema\/logo\/image\/\",\"url\":\"https:\/\/sunlifehomes-mallorca.com\/wp-content\/uploads\/2024\/01\/sunlifehomes_mallorcaV6-animiert.svg\",\"contentUrl\":\"https:\/\/sunlifehomes-mallorca.com\/wp-content\/uploads\/2024\/01\/sunlifehomes_mallorcaV6-animiert.svg\",\"width\":265,\"height\":62,\"caption\":\"Sunlife Homes Mallorca\"},\"image\":{\"@id\":\"https:\/\/sunlifehomes-mallorca.com\/es\/#\/schema\/logo\/image\/\"}},{\"@type\":\"Person\",\"@id\":\"https:\/\/sunlifehomes-mallorca.com\/es\/#\/schema\/person\/65323e49db7622bcfda2d479a29444e1\",\"name\":\"mk_admin\",\"sameAs\":[\"http:\/\/sunlifehomes-mallorca.com\"],\"url\":\"https:\/\/sunlifehomes-mallorca.com\/es\/author\/mk_admin\/\"}]}<\/script>\n<!-- \/ Yoast SEO plugin. -->","yoast_head_json":{"title":"Pascua en Mallorca - Sunlife Homes Mallorca","description":"Cuando la naturaleza despierta, los primeros rayos de sol acarician la piel y los naranjos est\u00e1n en plena floraci\u00f3n, la Pascua en Mallorca se convierte en un momento verdaderamente m\u00e1gico. La isla se muestra en su mejor versi\u00f3n: temperaturas suaves, paisajes florecientes y una atm\u00f3sfera \u00fanica invitan a pasar las vacaciones en Mallorca.","robots":{"index":"index","follow":"follow","max-snippet":"max-snippet:-1","max-image-preview":"max-image-preview:large","max-video-preview":"max-video-preview:-1"},"canonical":"https:\/\/sunlifehomes-mallorca.com\/es\/2025\/04\/17\/pascua-en-mallorca\/","og_locale":"es_ES","og_type":"article","og_title":"Pascua en Mallorca - Sunlife Homes Mallorca","og_description":"Cuando la naturaleza despierta, los primeros rayos de sol acarician la piel y los naranjos est\u00e1n en plena floraci\u00f3n, la Pascua en Mallorca se convierte en un momento verdaderamente m\u00e1gico. La isla se muestra en su mejor versi\u00f3n: temperaturas suaves, paisajes florecientes y una atm\u00f3sfera \u00fanica invitan a pasar las vacaciones en Mallorca.","og_url":"https:\/\/sunlifehomes-mallorca.com\/es\/2025\/04\/17\/pascua-en-mallorca\/","og_site_name":"Sunlife Homes Mallorca","article_published_time":"2025-04-17T13:07:03+00:00","article_modified_time":"2025-04-17T14:37:50+00:00","og_image":[{"width":2048,"height":1536,"url":"https:\/\/sunlifehomes-mallorca.com\/wp-content\/uploads\/2025\/04\/7.Ostern-auf-Mallorca.jpg","type":"image\/jpeg"}],"author":"mk_admin","twitter_card":"summary_large_image","twitter_misc":{"Escrito por":"mk_admin","Tiempo de lectura":"3 minutos"},"schema":{"@context":"https:\/\/schema.org","@graph":[{"@type":"Article","@id":"https:\/\/sunlifehomes-mallorca.com\/es\/2025\/04\/17\/pascua-en-mallorca\/#article","isPartOf":{"@id":"https:\/\/sunlifehomes-mallorca.com\/es\/2025\/04\/17\/pascua-en-mallorca\/"},"author":{"name":"mk_admin","@id":"https:\/\/sunlifehomes-mallorca.com\/es\/#\/schema\/person\/65323e49db7622bcfda2d479a29444e1"},"headline":"Pascua en Mallorca","datePublished":"2025-04-17T13:07:03+00:00","dateModified":"2025-04-17T14:37:50+00:00","mainEntityOfPage":{"@id":"https:\/\/sunlifehomes-mallorca.com\/es\/2025\/04\/17\/pascua-en-mallorca\/"},"wordCount":490,"publisher":{"@id":"https:\/\/sunlifehomes-mallorca.com\/es\/#organization"},"image":{"@id":"https:\/\/sunlifehomes-mallorca.com\/es\/2025\/04\/17\/pascua-en-mallorca\/#primaryimage"},"thumbnailUrl":"https:\/\/sunlifehomes-mallorca.com\/wp-content\/uploads\/2025\/04\/7.Ostern-auf-Mallorca.jpg","articleSection":["Sin categorizar"],"inLanguage":"es"},{"@type":"WebPage","@id":"https:\/\/sunlifehomes-mallorca.com\/es\/2025\/04\/17\/pascua-en-mallorca\/","url":"https:\/\/sunlifehomes-mallorca.com\/es\/2025\/04\/17\/pascua-en-mallorca\/","name":"Pascua en Mallorca - Sunlife Homes Mallorca","isPartOf":{"@id":"https:\/\/sunlifehomes-mallorca.com\/es\/#website"},"primaryImageOfPage":{"@id":"https:\/\/sunlifehomes-mallorca.com\/es\/2025\/04\/17\/pascua-en-mallorca\/#primaryimage"},"image":{"@id":"https:\/\/sunlifehomes-mallorca.com\/es\/2025\/04\/17\/pascua-en-mallorca\/#primaryimage"},"thumbnailUrl":"https:\/\/sunlifehomes-mallorca.com\/wp-content\/uploads\/2025\/04\/7.Ostern-auf-Mallorca.jpg","datePublished":"2025-04-17T13:07:03+00:00","dateModified":"2025-04-17T14:37:50+00:00","description":"Cuando la naturaleza despierta, los primeros rayos de sol acarician la piel y los naranjos est\u00e1n en plena floraci\u00f3n, la Pascua en Mallorca se convierte en un momento verdaderamente m\u00e1gico. La isla se muestra en su mejor versi\u00f3n: temperaturas suaves, paisajes florecientes y una atm\u00f3sfera \u00fanica invitan a pasar las vacaciones en Mallorca.","breadcrumb":{"@id":"https:\/\/sunlifehomes-mallorca.com\/es\/2025\/04\/17\/pascua-en-mallorca\/#breadcrumb"},"inLanguage":"es","potentialAction":[{"@type":"ReadAction","target":["https:\/\/sunlifehomes-mallorca.com\/es\/2025\/04\/17\/pascua-en-mallorca\/"]}]},{"@type":"ImageObject","inLanguage":"es","@id":"https:\/\/sunlifehomes-mallorca.com\/es\/2025\/04\/17\/pascua-en-mallorca\/#primaryimage","url":"https:\/\/sunlifehomes-mallorca.com\/wp-content\/uploads\/2025\/04\/7.Ostern-auf-Mallorca.jpg","contentUrl":"https:\/\/sunlifehomes-mallorca.com\/wp-content\/uploads\/2025\/04\/7.Ostern-auf-Mallorca.jpg","width":2048,"height":1536,"caption":"Ostern auf Mallorca"},{"@type":"BreadcrumbList","@id":"https:\/\/sunlifehomes-mallorca.com\/es\/2025\/04\/17\/pascua-en-mallorca\/#breadcrumb","itemListElement":[{"@type":"ListItem","position":1,"name":"Startseite","item":"https:\/\/sunlifehomes-mallorca.com\/es\/"},{"@type":"ListItem","position":2,"name":"Pascua en Mallorca"}]},{"@type":"WebSite","@id":"https:\/\/sunlifehomes-mallorca.com\/es\/#website","url":"https:\/\/sunlifehomes-mallorca.com\/es\/","name":"Sunlife Homes Mallorca","description":"Real Estate","publisher":{"@id":"https:\/\/sunlifehomes-mallorca.com\/es\/#organization"},"potentialAction":[{"@type":"SearchAction","target":{"@type":"EntryPoint","urlTemplate":"https:\/\/sunlifehomes-mallorca.com\/es\/?s={search_term_string}"},"query-input":{"@type":"PropertyValueSpecification","valueRequired":true,"valueName":"search_term_string"}}],"inLanguage":"es"},{"@type":"Organization","@id":"https:\/\/sunlifehomes-mallorca.com\/es\/#organization","name":"Sunlife Homes Mallorca","url":"https:\/\/sunlifehomes-mallorca.com\/es\/","logo":{"@type":"ImageObject","inLanguage":"es","@id":"https:\/\/sunlifehomes-mallorca.com\/es\/#\/schema\/logo\/image\/","url":"https:\/\/sunlifehomes-mallorca.com\/wp-content\/uploads\/2024\/01\/sunlifehomes_mallorcaV6-animiert.svg","contentUrl":"https:\/\/sunlifehomes-mallorca.com\/wp-content\/uploads\/2024\/01\/sunlifehomes_mallorcaV6-animiert.svg","width":265,"height":62,"caption":"Sunlife Homes Mallorca"},"image":{"@id":"https:\/\/sunlifehomes-mallorca.com\/es\/#\/schema\/logo\/image\/"}},{"@type":"Person","@id":"https:\/\/sunlifehomes-mallorca.com\/es\/#\/schema\/person\/65323e49db7622bcfda2d479a29444e1","name":"mk_admin","sameAs":["http:\/\/sunlifehomes-mallorca.com"],"url":"https:\/\/sunlifehomes-mallorca.com\/es\/author\/mk_admin\/"}]}},"_links":{"self":[{"href":"https:\/\/sunlifehomes-mallorca.com\/es\/wp-json\/wp\/v2\/posts\/1614","targetHints":{"allow":["GET"]}}],"collection":[{"href":"https:\/\/sunlifehomes-mallorca.com\/es\/wp-json\/wp\/v2\/posts"}],"about":[{"href":"https:\/\/sunlifehomes-mallorca.com\/es\/wp-json\/wp\/v2\/types\/post"}],"author":[{"embeddable":true,"href":"https:\/\/sunlifehomes-mallorca.com\/es\/wp-json\/wp\/v2\/users\/1"}],"replies":[{"embeddable":true,"href":"https:\/\/sunlifehomes-mallorca.com\/es\/wp-json\/wp\/v2\/comments?post=1614"}],"version-history":[{"count":3,"href":"https:\/\/sunlifehomes-mallorca.com\/es\/wp-json\/wp\/v2\/posts\/1614\/revisions"}],"predecessor-version":[{"id":1651,"href":"https:\/\/sunlifehomes-mallorca.com\/es\/wp-json\/wp\/v2\/posts\/1614\/revisions\/1651"}],"wp:featuredmedia":[{"embeddable":true,"href":"https:\/\/sunlifehomes-mallorca.com\/es\/wp-json\/wp\/v2\/media\/1637"}],"wp:attachment":[{"href":"https:\/\/sunlifehomes-mallorca.com\/es\/wp-json\/wp\/v2\/media?parent=1614"}],"wp:term":[{"taxonomy":"category","embeddable":true,"href":"https:\/\/sunlifehomes-mallorca.com\/es\/wp-json\/wp\/v2\/categories?post=1614"},{"taxonomy":"post_tag","embeddable":true,"href":"https:\/\/sunlifehomes-mallorca.com\/es\/wp-json\/wp\/v2\/tags?post=1614"}],"curies":[{"name":"wp","href":"https:\/\/api.w.org\/{rel}","templated":true}]}}