{"id":1522,"date":"2025-03-18T14:33:10","date_gmt":"2025-03-18T13:33:10","guid":{"rendered":"https:\/\/sunlifehomes-mallorca.com\/?p=1522"},"modified":"2025-04-11T12:06:27","modified_gmt":"2025-04-11T10:06:27","slug":"palma-de-mallorca","status":"publish","type":"post","link":"https:\/\/sunlifehomes-mallorca.com\/es\/2025\/03\/18\/palma-de-mallorca\/","title":{"rendered":"Palma de Mallorca"},"content":{"rendered":"<div class=\"wp-block-post-date\"><time datetime=\"2025-03-18T14:33:10+01:00\">18. marzo 2025<\/time><\/div>\n\n<h1 class=\"wp-block-post-title\">Palma de Mallorca<\/h1>\n\n\n<h4 class=\"wp-block-heading\">La Fascinante Capital de las Islas Baleares<\/h4>\n\n\n\n<p>Palma de Mallorca, la vibrante capital de las Islas Baleares, es mucho m\u00e1s que el centro econ\u00f3mico y cultural de la isla. Con su rica historia, impresionante arquitectura y estilo de vida mediterr\u00e1neo, cautiva tanto a visitantes como a residentes. Pero, \u00bfqu\u00e9 hace que Palma sea tan especial?<\/p>\n\n\n\n<div style=\"height:20px\" aria-hidden=\"true\" class=\"wp-block-spacer\"><\/div>\n\n\n\n<h3 class=\"wp-block-heading\">Una Ciudad con Historia<\/h3>\n\n\n\n<p>Palma fue fundada por los romanos en el a\u00f1o 123 a.C. y tiene un pasado rico y lleno de acontecimientos. Tras el dominio romano, la ciudad experiment\u00f3 la ocupaci\u00f3n de los v\u00e1ndalos, los moros y finalmente la reconquista por el rey Jaume I de Arag\u00f3n en 1229. Estas diversas influencias siguen siendo evidentes hoy en d\u00eda en la arquitectura y la cultura de la ciudad.<\/p>\n\n\n\n<h3 class=\"wp-block-heading\">Arquitectura Impresionante<\/h3>\n\n\n\n<p>El s\u00edmbolo inconfundible de Palma es, sin duda, la majestuosa <strong>Catedral de La Seu<\/strong>. Esta obra maestra g\u00f3tica, construida sobre los restos de una antigua mezquita, impresiona con su impresionante fachada, sus enormes vidrieras y las renovaciones realizadas por Antoni Gaud\u00ed. Otro punto arquitect\u00f3nico destacado es el <strong>Palacio Real de La Almudaina<\/strong>, que alguna vez fue una fortaleza mora y ahora sirve como residencia oficial de la familia real espa\u00f1ola.<\/p>\n\n\n\n<h3 class=\"wp-block-heading\">El Casco Antiguo \u2013 Un Laberinto de Historia<\/h3>\n\n\n\n<p>Las calles estrechas del casco antiguo invitan a explorar. Aqu\u00ed se encuentran majestuosas casas se\u00f1oriales con patios interiores, mercados tradicionales como el <strong>Mercat de l\u2019Olivar<\/strong> y plazas encantadoras como la <strong>Pla\u00e7a Major<\/strong>. Los amantes de las compras disfrutar\u00e1n de las elegantes boutiques en el <strong>Passeig del Born<\/strong>, conocido como \u00ablos peque\u00f1os Campos El\u00edseos\u00bb.<\/p>\n\n\n\n<h3 class=\"wp-block-heading\">Arte y Cultura<\/h3>\n\n\n\n<p>Palma cuenta con una variada escena cultural con museos, galer\u00edas y eventos. El <strong>Museo Es Baluard<\/strong> de arte moderno y contempor\u00e1neo alberga obras de Mir\u00f3, Picasso y otros artistas renombrados. Adem\u00e1s, en la <strong>Fundaci\u00f3 Joan Mir\u00f3<\/strong>, los visitantes pueden descubrir el taller del famoso pintor, quien pas\u00f3 gran parte de su vida en Mallorca.<\/p>\n\n\n\n<h3 class=\"wp-block-heading\">Gastronom\u00eda y Delicias Culinarias<\/h3>\n\n\n\n<p>Palma es un para\u00edso para los amantes de la gastronom\u00eda. Desde bares de tapas tradicionales hasta restaurantes con estrellas Michelin, la ciudad ofrece una extraordinaria variedad culinaria. Son especialmente populares los mercados <strong>Mercat de Santa Catalina<\/strong> y <strong>Mercat de l\u2019Olivar<\/strong>, donde se pueden encontrar productos frescos locales y especialidades mallorquinas como la <strong>Ensaimada<\/strong>, la <strong>Sobrasada<\/strong> y el <strong>Frito Mallorqu\u00edn<\/strong>.<\/p>\n\n\n\n<h3 class=\"wp-block-heading\">Playas y Puerto<\/h3>\n\n\n\n<p>Aunque Palma es una gran ciudad, est\u00e1 situada junto al mar y ofrece hermosas playas como la <strong>Playa de Palma<\/strong>, la m\u00e1s peque\u00f1a y tranquila <strong>Cala Major<\/strong>, y la <strong>Playa de Can Pere Antoni<\/strong>, situada a pocos pasos del casco antiguo y con impresionantes vistas a la catedral. El <strong>Puerto de Palma<\/strong>, uno de los puertos deportivos m\u00e1s importantes del Mediterr\u00e1neo, ofrece un entorno espectacular con lujosos yates y restaurantes de alta categor\u00eda a lo largo del paseo mar\u00edtimo.<\/p>\n\n\n\n<h3 class=\"wp-block-heading\">La Vibrante Vida Nocturna<\/h3>\n\n\n\n<p>Palma ofrece una animada vida nocturna con numerosos bares, discotecas y locales de m\u00fasica en vivo. Especialmente famoso es el barrio de <strong>La Lonja<\/strong>, donde los visitantes pueden disfrutar de bares elegantes o probar vinos mallorquines en bodegas tradicionales. Adem\u00e1s, el <strong>Paseo Mar\u00edtimo<\/strong>, con sus exclusivos clubes, y el <strong>barrio de Santa Catalina<\/strong>, conocido por sus bares y restaurantes de moda, brindan una variada oferta de ocio nocturno para quienes disfrutan de la noche.<\/p>\n\n\n\n<h2 class=\"wp-block-heading\">Conclusi\u00f3n<\/h2>\n\n\n\n<p>Palma de Mallorca combina de manera \u00fanica historia, cultura, encanto mediterr\u00e1neo y vida urbana moderna. Ya sea para una breve visita o como residencia permanente, la ciudad tiene algo para todos. Aquellos que buscan establecerse en Palma encontrar\u00e1n un para\u00edso urbano con un alto nivel de vida y una excelente calidad de vida.<\/p>\n\n\n\n<p><strong>\u00bfLe gustar\u00eda saber m\u00e1s sobre la vida en Palma o encontrar una propiedad exclusiva? SUNLIFE HOMES MALLORCA est\u00e1 aqu\u00ed para ayudarle con asesoramiento experto. <\/strong><strong>\u00a1Cont\u00e1ctenos hoy mismo!<\/strong><\/p>\n","protected":false},"excerpt":{"rendered":"<p>La Fascinante Capital de las Islas Baleares Palma de Mallorca, la vibrante capital de las Islas Baleares, es mucho m\u00e1s que el centro econ\u00f3mico y cultural de la isla. Con su rica historia, impresionante arquitectura y estilo de vida mediterr\u00e1neo, cautiva tanto a visitantes como a residentes. Pero, \u00bfqu\u00e9 hace que Palma sea tan especial? [&hellip;]<\/p>\n","protected":false},"author":1,"featured_media":1233,"comment_status":"closed","ping_status":"closed","sticky":false,"template":"","format":"standard","meta":{"footnotes":""},"categories":[6],"tags":[],"class_list":["post-1522","post","type-post","status-publish","format-standard","has-post-thumbnail","hentry","category-sin-categorizar"],"yoast_head":"<!-- This site is optimized with the Yoast SEO plugin v23.9 - https:\/\/yoast.com\/wordpress\/plugins\/seo\/ -->\n<title>Palma de Mallorca - Sunlife Homes Mallorca<\/title>\n<meta name=\"robots\" content=\"index, follow, max-snippet:-1, max-image-preview:large, max-video-preview:-1\" \/>\n<link rel=\"canonical\" href=\"https:\/\/sunlifehomes-mallorca.com\/es\/2025\/03\/18\/palma-de-mallorca\/\" \/>\n<meta property=\"og:locale\" content=\"es_ES\" \/>\n<meta property=\"og:type\" content=\"article\" \/>\n<meta property=\"og:title\" content=\"Palma de Mallorca - Sunlife Homes Mallorca\" \/>\n<meta property=\"og:description\" content=\"La Fascinante Capital de las Islas Baleares Palma de Mallorca, la vibrante capital de las Islas Baleares, es mucho m\u00e1s que el centro econ\u00f3mico y cultural de la isla. Con su rica historia, impresionante arquitectura y estilo de vida mediterr\u00e1neo, cautiva tanto a visitantes como a residentes. Pero, \u00bfqu\u00e9 hace que Palma sea tan especial? [&hellip;]\" \/>\n<meta property=\"og:url\" content=\"https:\/\/sunlifehomes-mallorca.com\/es\/2025\/03\/18\/palma-de-mallorca\/\" \/>\n<meta property=\"og:site_name\" content=\"Sunlife Homes Mallorca\" \/>\n<meta property=\"article:published_time\" content=\"2025-03-18T13:33:10+00:00\" \/>\n<meta property=\"article:modified_time\" content=\"2025-04-11T10:06:27+00:00\" \/>\n<meta property=\"og:image\" content=\"https:\/\/sunlifehomes-mallorca.com\/wp-content\/uploads\/2025\/03\/2.Palma-de-Mallorca-1.jpg\" \/>\n\t<meta property=\"og:image:width\" content=\"1830\" \/>\n\t<meta property=\"og:image:height\" content=\"2048\" \/>\n\t<meta property=\"og:image:type\" content=\"image\/jpeg\" \/>\n<meta name=\"author\" content=\"mk_admin\" \/>\n<meta name=\"twitter:card\" content=\"summary_large_image\" \/>\n<meta name=\"twitter:label1\" content=\"Escrito por\" \/>\n\t<meta name=\"twitter:data1\" content=\"mk_admin\" \/>\n\t<meta name=\"twitter:label2\" content=\"Tiempo de lectura\" \/>\n\t<meta name=\"twitter:data2\" content=\"4 minutos\" \/>\n<script type=\"application\/ld+json\" class=\"yoast-schema-graph\">{\"@context\":\"https:\/\/schema.org\",\"@graph\":[{\"@type\":\"Article\",\"@id\":\"https:\/\/sunlifehomes-mallorca.com\/es\/2025\/03\/18\/palma-de-mallorca\/#article\",\"isPartOf\":{\"@id\":\"https:\/\/sunlifehomes-mallorca.com\/es\/2025\/03\/18\/palma-de-mallorca\/\"},\"author\":{\"name\":\"mk_admin\",\"@id\":\"https:\/\/sunlifehomes-mallorca.com\/es\/#\/schema\/person\/65323e49db7622bcfda2d479a29444e1\"},\"headline\":\"Palma de Mallorca\",\"datePublished\":\"2025-03-18T13:33:10+00:00\",\"dateModified\":\"2025-04-11T10:06:27+00:00\",\"mainEntityOfPage\":{\"@id\":\"https:\/\/sunlifehomes-mallorca.com\/es\/2025\/03\/18\/palma-de-mallorca\/\"},\"wordCount\":661,\"publisher\":{\"@id\":\"https:\/\/sunlifehomes-mallorca.com\/es\/#organization\"},\"image\":{\"@id\":\"https:\/\/sunlifehomes-mallorca.com\/es\/2025\/03\/18\/palma-de-mallorca\/#primaryimage\"},\"thumbnailUrl\":\"https:\/\/sunlifehomes-mallorca.com\/wp-content\/uploads\/2025\/03\/2.Palma-de-Mallorca-1.jpg\",\"articleSection\":[\"Sin categorizar\"],\"inLanguage\":\"es\"},{\"@type\":\"WebPage\",\"@id\":\"https:\/\/sunlifehomes-mallorca.com\/es\/2025\/03\/18\/palma-de-mallorca\/\",\"url\":\"https:\/\/sunlifehomes-mallorca.com\/es\/2025\/03\/18\/palma-de-mallorca\/\",\"name\":\"Palma de Mallorca - Sunlife Homes Mallorca\",\"isPartOf\":{\"@id\":\"https:\/\/sunlifehomes-mallorca.com\/es\/#website\"},\"primaryImageOfPage\":{\"@id\":\"https:\/\/sunlifehomes-mallorca.com\/es\/2025\/03\/18\/palma-de-mallorca\/#primaryimage\"},\"image\":{\"@id\":\"https:\/\/sunlifehomes-mallorca.com\/es\/2025\/03\/18\/palma-de-mallorca\/#primaryimage\"},\"thumbnailUrl\":\"https:\/\/sunlifehomes-mallorca.com\/wp-content\/uploads\/2025\/03\/2.Palma-de-Mallorca-1.jpg\",\"datePublished\":\"2025-03-18T13:33:10+00:00\",\"dateModified\":\"2025-04-11T10:06:27+00:00\",\"breadcrumb\":{\"@id\":\"https:\/\/sunlifehomes-mallorca.com\/es\/2025\/03\/18\/palma-de-mallorca\/#breadcrumb\"},\"inLanguage\":\"es\",\"potentialAction\":[{\"@type\":\"ReadAction\",\"target\":[\"https:\/\/sunlifehomes-mallorca.com\/es\/2025\/03\/18\/palma-de-mallorca\/\"]}]},{\"@type\":\"ImageObject\",\"inLanguage\":\"es\",\"@id\":\"https:\/\/sunlifehomes-mallorca.com\/es\/2025\/03\/18\/palma-de-mallorca\/#primaryimage\",\"url\":\"https:\/\/sunlifehomes-mallorca.com\/wp-content\/uploads\/2025\/03\/2.Palma-de-Mallorca-1.jpg\",\"contentUrl\":\"https:\/\/sunlifehomes-mallorca.com\/wp-content\/uploads\/2025\/03\/2.Palma-de-Mallorca-1.jpg\",\"width\":1830,\"height\":2048},{\"@type\":\"BreadcrumbList\",\"@id\":\"https:\/\/sunlifehomes-mallorca.com\/es\/2025\/03\/18\/palma-de-mallorca\/#breadcrumb\",\"itemListElement\":[{\"@type\":\"ListItem\",\"position\":1,\"name\":\"Startseite\",\"item\":\"https:\/\/sunlifehomes-mallorca.com\/es\/\"},{\"@type\":\"ListItem\",\"position\":2,\"name\":\"Palma de Mallorca\"}]},{\"@type\":\"WebSite\",\"@id\":\"https:\/\/sunlifehomes-mallorca.com\/es\/#website\",\"url\":\"https:\/\/sunlifehomes-mallorca.com\/es\/\",\"name\":\"Sunlife Homes Mallorca\",\"description\":\"Real Estate\",\"publisher\":{\"@id\":\"https:\/\/sunlifehomes-mallorca.com\/es\/#organization\"},\"potentialAction\":[{\"@type\":\"SearchAction\",\"target\":{\"@type\":\"EntryPoint\",\"urlTemplate\":\"https:\/\/sunlifehomes-mallorca.com\/es\/?s={search_term_string}\"},\"query-input\":{\"@type\":\"PropertyValueSpecification\",\"valueRequired\":true,\"valueName\":\"search_term_string\"}}],\"inLanguage\":\"es\"},{\"@type\":\"Organization\",\"@id\":\"https:\/\/sunlifehomes-mallorca.com\/es\/#organization\",\"name\":\"Sunlife Homes Mallorca\",\"url\":\"https:\/\/sunlifehomes-mallorca.com\/es\/\",\"logo\":{\"@type\":\"ImageObject\",\"inLanguage\":\"es\",\"@id\":\"https:\/\/sunlifehomes-mallorca.com\/es\/#\/schema\/logo\/image\/\",\"url\":\"https:\/\/sunlifehomes-mallorca.com\/wp-content\/uploads\/2024\/01\/sunlifehomes_mallorcaV6-animiert.svg\",\"contentUrl\":\"https:\/\/sunlifehomes-mallorca.com\/wp-content\/uploads\/2024\/01\/sunlifehomes_mallorcaV6-animiert.svg\",\"width\":265,\"height\":62,\"caption\":\"Sunlife Homes Mallorca\"},\"image\":{\"@id\":\"https:\/\/sunlifehomes-mallorca.com\/es\/#\/schema\/logo\/image\/\"}},{\"@type\":\"Person\",\"@id\":\"https:\/\/sunlifehomes-mallorca.com\/es\/#\/schema\/person\/65323e49db7622bcfda2d479a29444e1\",\"name\":\"mk_admin\",\"sameAs\":[\"http:\/\/sunlifehomes-mallorca.com\"],\"url\":\"https:\/\/sunlifehomes-mallorca.com\/es\/author\/mk_admin\/\"}]}<\/script>\n<!-- \/ Yoast SEO plugin. -->","yoast_head_json":{"title":"Palma de Mallorca - Sunlife Homes Mallorca","robots":{"index":"index","follow":"follow","max-snippet":"max-snippet:-1","max-image-preview":"max-image-preview:large","max-video-preview":"max-video-preview:-1"},"canonical":"https:\/\/sunlifehomes-mallorca.com\/es\/2025\/03\/18\/palma-de-mallorca\/","og_locale":"es_ES","og_type":"article","og_title":"Palma de Mallorca - Sunlife Homes Mallorca","og_description":"La Fascinante Capital de las Islas Baleares Palma de Mallorca, la vibrante capital de las Islas Baleares, es mucho m\u00e1s que el centro econ\u00f3mico y cultural de la isla. Con su rica historia, impresionante arquitectura y estilo de vida mediterr\u00e1neo, cautiva tanto a visitantes como a residentes. Pero, \u00bfqu\u00e9 hace que Palma sea tan especial? [&hellip;]","og_url":"https:\/\/sunlifehomes-mallorca.com\/es\/2025\/03\/18\/palma-de-mallorca\/","og_site_name":"Sunlife Homes Mallorca","article_published_time":"2025-03-18T13:33:10+00:00","article_modified_time":"2025-04-11T10:06:27+00:00","og_image":[{"width":1830,"height":2048,"url":"https:\/\/sunlifehomes-mallorca.com\/wp-content\/uploads\/2025\/03\/2.Palma-de-Mallorca-1.jpg","type":"image\/jpeg"}],"author":"mk_admin","twitter_card":"summary_large_image","twitter_misc":{"Escrito por":"mk_admin","Tiempo de lectura":"4 minutos"},"schema":{"@context":"https:\/\/schema.org","@graph":[{"@type":"Article","@id":"https:\/\/sunlifehomes-mallorca.com\/es\/2025\/03\/18\/palma-de-mallorca\/#article","isPartOf":{"@id":"https:\/\/sunlifehomes-mallorca.com\/es\/2025\/03\/18\/palma-de-mallorca\/"},"author":{"name":"mk_admin","@id":"https:\/\/sunlifehomes-mallorca.com\/es\/#\/schema\/person\/65323e49db7622bcfda2d479a29444e1"},"headline":"Palma de Mallorca","datePublished":"2025-03-18T13:33:10+00:00","dateModified":"2025-04-11T10:06:27+00:00","mainEntityOfPage":{"@id":"https:\/\/sunlifehomes-mallorca.com\/es\/2025\/03\/18\/palma-de-mallorca\/"},"wordCount":661,"publisher":{"@id":"https:\/\/sunlifehomes-mallorca.com\/es\/#organization"},"image":{"@id":"https:\/\/sunlifehomes-mallorca.com\/es\/2025\/03\/18\/palma-de-mallorca\/#primaryimage"},"thumbnailUrl":"https:\/\/sunlifehomes-mallorca.com\/wp-content\/uploads\/2025\/03\/2.Palma-de-Mallorca-1.jpg","articleSection":["Sin categorizar"],"inLanguage":"es"},{"@type":"WebPage","@id":"https:\/\/sunlifehomes-mallorca.com\/es\/2025\/03\/18\/palma-de-mallorca\/","url":"https:\/\/sunlifehomes-mallorca.com\/es\/2025\/03\/18\/palma-de-mallorca\/","name":"Palma de Mallorca - Sunlife Homes Mallorca","isPartOf":{"@id":"https:\/\/sunlifehomes-mallorca.com\/es\/#website"},"primaryImageOfPage":{"@id":"https:\/\/sunlifehomes-mallorca.com\/es\/2025\/03\/18\/palma-de-mallorca\/#primaryimage"},"image":{"@id":"https:\/\/sunlifehomes-mallorca.com\/es\/2025\/03\/18\/palma-de-mallorca\/#primaryimage"},"thumbnailUrl":"https:\/\/sunlifehomes-mallorca.com\/wp-content\/uploads\/2025\/03\/2.Palma-de-Mallorca-1.jpg","datePublished":"2025-03-18T13:33:10+00:00","dateModified":"2025-04-11T10:06:27+00:00","breadcrumb":{"@id":"https:\/\/sunlifehomes-mallorca.com\/es\/2025\/03\/18\/palma-de-mallorca\/#breadcrumb"},"inLanguage":"es","potentialAction":[{"@type":"ReadAction","target":["https:\/\/sunlifehomes-mallorca.com\/es\/2025\/03\/18\/palma-de-mallorca\/"]}]},{"@type":"ImageObject","inLanguage":"es","@id":"https:\/\/sunlifehomes-mallorca.com\/es\/2025\/03\/18\/palma-de-mallorca\/#primaryimage","url":"https:\/\/sunlifehomes-mallorca.com\/wp-content\/uploads\/2025\/03\/2.Palma-de-Mallorca-1.jpg","contentUrl":"https:\/\/sunlifehomes-mallorca.com\/wp-content\/uploads\/2025\/03\/2.Palma-de-Mallorca-1.jpg","width":1830,"height":2048},{"@type":"BreadcrumbList","@id":"https:\/\/sunlifehomes-mallorca.com\/es\/2025\/03\/18\/palma-de-mallorca\/#breadcrumb","itemListElement":[{"@type":"ListItem","position":1,"name":"Startseite","item":"https:\/\/sunlifehomes-mallorca.com\/es\/"},{"@type":"ListItem","position":2,"name":"Palma de Mallorca"}]},{"@type":"WebSite","@id":"https:\/\/sunlifehomes-mallorca.com\/es\/#website","url":"https:\/\/sunlifehomes-mallorca.com\/es\/","name":"Sunlife Homes Mallorca","description":"Real Estate","publisher":{"@id":"https:\/\/sunlifehomes-mallorca.com\/es\/#organization"},"potentialAction":[{"@type":"SearchAction","target":{"@type":"EntryPoint","urlTemplate":"https:\/\/sunlifehomes-mallorca.com\/es\/?s={search_term_string}"},"query-input":{"@type":"PropertyValueSpecification","valueRequired":true,"valueName":"search_term_string"}}],"inLanguage":"es"},{"@type":"Organization","@id":"https:\/\/sunlifehomes-mallorca.com\/es\/#organization","name":"Sunlife Homes Mallorca","url":"https:\/\/sunlifehomes-mallorca.com\/es\/","logo":{"@type":"ImageObject","inLanguage":"es","@id":"https:\/\/sunlifehomes-mallorca.com\/es\/#\/schema\/logo\/image\/","url":"https:\/\/sunlifehomes-mallorca.com\/wp-content\/uploads\/2024\/01\/sunlifehomes_mallorcaV6-animiert.svg","contentUrl":"https:\/\/sunlifehomes-mallorca.com\/wp-content\/uploads\/2024\/01\/sunlifehomes_mallorcaV6-animiert.svg","width":265,"height":62,"caption":"Sunlife Homes Mallorca"},"image":{"@id":"https:\/\/sunlifehomes-mallorca.com\/es\/#\/schema\/logo\/image\/"}},{"@type":"Person","@id":"https:\/\/sunlifehomes-mallorca.com\/es\/#\/schema\/person\/65323e49db7622bcfda2d479a29444e1","name":"mk_admin","sameAs":["http:\/\/sunlifehomes-mallorca.com"],"url":"https:\/\/sunlifehomes-mallorca.com\/es\/author\/mk_admin\/"}]}},"_links":{"self":[{"href":"https:\/\/sunlifehomes-mallorca.com\/es\/wp-json\/wp\/v2\/posts\/1522","targetHints":{"allow":["GET"]}}],"collection":[{"href":"https:\/\/sunlifehomes-mallorca.com\/es\/wp-json\/wp\/v2\/posts"}],"about":[{"href":"https:\/\/sunlifehomes-mallorca.com\/es\/wp-json\/wp\/v2\/types\/post"}],"author":[{"embeddable":true,"href":"https:\/\/sunlifehomes-mallorca.com\/es\/wp-json\/wp\/v2\/users\/1"}],"replies":[{"embeddable":true,"href":"https:\/\/sunlifehomes-mallorca.com\/es\/wp-json\/wp\/v2\/comments?post=1522"}],"version-history":[{"count":1,"href":"https:\/\/sunlifehomes-mallorca.com\/es\/wp-json\/wp\/v2\/posts\/1522\/revisions"}],"predecessor-version":[{"id":1523,"href":"https:\/\/sunlifehomes-mallorca.com\/es\/wp-json\/wp\/v2\/posts\/1522\/revisions\/1523"}],"wp:featuredmedia":[{"embeddable":true,"href":"https:\/\/sunlifehomes-mallorca.com\/es\/wp-json\/wp\/v2\/media\/1233"}],"wp:attachment":[{"href":"https:\/\/sunlifehomes-mallorca.com\/es\/wp-json\/wp\/v2\/media?parent=1522"}],"wp:term":[{"taxonomy":"category","embeddable":true,"href":"https:\/\/sunlifehomes-mallorca.com\/es\/wp-json\/wp\/v2\/categories?post=1522"},{"taxonomy":"post_tag","embeddable":true,"href":"https:\/\/sunlifehomes-mallorca.com\/es\/wp-json\/wp\/v2\/tags?post=1522"}],"curies":[{"name":"wp","href":"https:\/\/api.w.org\/{rel}","templated":true}]}}