{"id":1518,"date":"2025-03-19T14:48:52","date_gmt":"2025-03-19T13:48:52","guid":{"rendered":"https:\/\/sunlifehomes-mallorca.com\/?p=1518"},"modified":"2025-04-11T11:57:03","modified_gmt":"2025-04-11T09:57:03","slug":"mallorca-en-invierno","status":"publish","type":"post","link":"https:\/\/sunlifehomes-mallorca.com\/es\/2025\/03\/19\/mallorca-en-invierno\/","title":{"rendered":"Mallorca en invierno"},"content":{"rendered":"<div class=\"wp-block-post-date\"><time datetime=\"2025-03-19T14:48:52+01:00\">19. marzo 2025<\/time><\/div>\n\n<h2 class=\"wp-block-post-title\">Mallorca en invierno<\/h2>\n\n\n<h4 class=\"wp-block-heading\">Descubra la belleza tranquila de la isla<\/h4>\n\n\n\n<p>Mallorca no es solo un para\u00edso de verano, sino tambi\u00e9n un destino impresionante durante los meses de invierno, con un clima suave, un ambiente relajado y numerosas opciones de ocio. Mientras que en verano las playas est\u00e1n llenas de turistas, en invierno la isla muestra un lado m\u00e1s tranquilo y aut\u00e9ntico. \u00bfPero qu\u00e9 se puede hacer en Mallorca en invierno? Aqu\u00ed le presentamos algunas de las mejores actividades y recomendaciones para la temporada fr\u00eda.<\/p>\n\n\n\n<p>Mientras que muchas partes de Europa sufren temperaturas g\u00e9lidas, en Mallorca el invierno ofrece temperaturas agradables, que oscilan entre los 12 y 18 grados cent\u00edgrados. Esto hace que la isla sea ideal para actividades al aire libre como senderismo, ciclismo y golf. Una de las rutas m\u00e1s populares es la caminata por la <strong>Serra de Tramuntana<\/strong>, declarada Patrimonio de la Humanidad por la UNESCO. Sus paisajes impresionantes, con valles verdes, espectaculares panor\u00e1micas monta\u00f1osas y encantadores pueblos como <strong>Valldemossa<\/strong> y <strong>Dei\u00e0<\/strong>, invitan a la exploraci\u00f3n. Los ciclistas pueden disfrutar de carreteras menos transitadas y de la belleza natural de la isla en un clima templado. Adem\u00e1s, el aire marino rico en sal tiene beneficios para la salud, ya que favorece el sistema respiratorio, fortalece el sistema inmunol\u00f3gico y mejora el bienestar general, lo que convierte a Mallorca en un destino perfecto para el invierno.<\/p>\n\n\n\n<p>A nivel cultural, Mallorca tambi\u00e9n tiene mucho que ofrecer en invierno. La capital, <strong>Palma<\/strong>, invita a descubrir su casco antiguo hist\u00f3rico, la imponente <strong>Catedral de La Seu<\/strong> y numerosos museos, como el <strong>Es Baluard<\/strong>, dedicado al arte moderno. Durante la temporada navide\u00f1a, las estrechas calles del casco antiguo se decoran con luces y adornos festivos, creando un ambiente m\u00e1gico. Adem\u00e1s, el invierno en Mallorca est\u00e1 marcado por numerosos eventos y festividades, como la famosa <strong>Fiesta de Sant Sebasti\u00e0<\/strong> en enero, que se celebra con m\u00fasica en vivo, hogueras tradicionales y espectaculares fuegos artificiales.<\/p>\n\n\n\n<p>Uno de los puntos m\u00e1s destacados es el <strong>mercado de invierno mallorqu\u00edn<\/strong>, donde los visitantes pueden disfrutar de especialidades locales, artesan\u00eda y delicias navide\u00f1as. La gastronom\u00eda de la isla tambi\u00e9n brilla en los meses de invierno: es el momento perfecto para degustar guisos tradicionales como la <strong>Sopa Mallorquina<\/strong> o pescado fresco en los mejores restaurantes de la isla. Adem\u00e1s, muchas bodegas en las regiones de <strong>Binissalem<\/strong> y <strong>Pla i Llevant<\/strong> ofrecen catas de vino en invierno, brindando una excelente oportunidad para degustar vinos mallorquines en un ambiente acogedor.<\/p>\n\n\n\n<p>Para aquellos que buscan relajaci\u00f3n, los numerosos <strong>spas y hoteles de bienestar<\/strong> en Mallorca son la opci\u00f3n ideal. Muchos hoteles de lujo ofrecen <strong>paquetes de invierno exclusivos<\/strong>, que incluyen tratamientos de spa, masajes y piscinas climatizadas, perfectos para desconectar durante la temporada m\u00e1s tranquila. Los golfistas tambi\u00e9n pueden disfrutar del invierno en la isla, ya que los campos de golf est\u00e1n menos concurridos y el clima suave garantiza condiciones \u00f3ptimas para jugar.<\/p>\n\n\n\n<p>Ya sea para disfrutar de la naturaleza, la cultura, la gastronom\u00eda o el bienestar, <strong>Mallorca tiene mucho que ofrecer incluso en invierno<\/strong>. Aquellos que desean descubrir la isla lejos del bullicio del verano encontrar\u00e1n aqu\u00ed una combinaci\u00f3n perfecta de descanso y actividades.<\/p>\n\n\n\n<p><strong>\u00bfEst\u00e1 pensando en pasar el invierno en Mallorca?<\/strong> Encuentre su refugio perfecto en la isla con <strong>SUNLIFE HOMES MALLORCA<\/strong>. Cont\u00e1ctenos hoy mismo para recibir asesoramiento personalizado sobre las mejores propiedades para su estancia invernal.<\/p>\n","protected":false},"excerpt":{"rendered":"<p>Descubra la belleza tranquila de la isla Mallorca no es solo un para\u00edso de verano, sino tambi\u00e9n un destino impresionante durante los meses de invierno, con un clima suave, un ambiente relajado y numerosas opciones de ocio. Mientras que en verano las playas est\u00e1n llenas de turistas, en invierno la isla muestra un lado m\u00e1s [&hellip;]<\/p>\n","protected":false},"author":1,"featured_media":1248,"comment_status":"closed","ping_status":"closed","sticky":false,"template":"","format":"standard","meta":{"footnotes":""},"categories":[6],"tags":[],"class_list":["post-1518","post","type-post","status-publish","format-standard","has-post-thumbnail","hentry","category-sin-categorizar"],"yoast_head":"<!-- This site is optimized with the Yoast SEO plugin v23.9 - https:\/\/yoast.com\/wordpress\/plugins\/seo\/ -->\n<title>Mallorca en invierno - Sunlife Homes Mallorca<\/title>\n<meta name=\"robots\" content=\"index, follow, max-snippet:-1, max-image-preview:large, max-video-preview:-1\" \/>\n<link rel=\"canonical\" href=\"https:\/\/sunlifehomes-mallorca.com\/es\/2025\/03\/19\/mallorca-en-invierno\/\" \/>\n<meta property=\"og:locale\" content=\"es_ES\" \/>\n<meta property=\"og:type\" content=\"article\" \/>\n<meta property=\"og:title\" content=\"Mallorca en invierno - Sunlife Homes Mallorca\" \/>\n<meta property=\"og:description\" content=\"Descubra la belleza tranquila de la isla Mallorca no es solo un para\u00edso de verano, sino tambi\u00e9n un destino impresionante durante los meses de invierno, con un clima suave, un ambiente relajado y numerosas opciones de ocio. Mientras que en verano las playas est\u00e1n llenas de turistas, en invierno la isla muestra un lado m\u00e1s [&hellip;]\" \/>\n<meta property=\"og:url\" content=\"https:\/\/sunlifehomes-mallorca.com\/es\/2025\/03\/19\/mallorca-en-invierno\/\" \/>\n<meta property=\"og:site_name\" content=\"Sunlife Homes Mallorca\" \/>\n<meta property=\"article:published_time\" content=\"2025-03-19T13:48:52+00:00\" \/>\n<meta property=\"article:modified_time\" content=\"2025-04-11T09:57:03+00:00\" \/>\n<meta property=\"og:image\" content=\"https:\/\/sunlifehomes-mallorca.com\/wp-content\/uploads\/2025\/03\/3.Mallorca-im-Winter-\u2013-Portals-Vells-2025-scaled.jpg\" \/>\n\t<meta property=\"og:image:width\" content=\"2560\" \/>\n\t<meta property=\"og:image:height\" content=\"1440\" \/>\n\t<meta property=\"og:image:type\" content=\"image\/jpeg\" \/>\n<meta name=\"author\" content=\"mk_admin\" \/>\n<meta name=\"twitter:card\" content=\"summary_large_image\" \/>\n<meta name=\"twitter:label1\" content=\"Escrito por\" \/>\n\t<meta name=\"twitter:data1\" content=\"mk_admin\" \/>\n\t<meta name=\"twitter:label2\" content=\"Tiempo de lectura\" \/>\n\t<meta name=\"twitter:data2\" content=\"4 minutos\" \/>\n<script type=\"application\/ld+json\" class=\"yoast-schema-graph\">{\"@context\":\"https:\/\/schema.org\",\"@graph\":[{\"@type\":\"Article\",\"@id\":\"https:\/\/sunlifehomes-mallorca.com\/es\/2025\/03\/19\/mallorca-en-invierno\/#article\",\"isPartOf\":{\"@id\":\"https:\/\/sunlifehomes-mallorca.com\/es\/2025\/03\/19\/mallorca-en-invierno\/\"},\"author\":{\"name\":\"mk_admin\",\"@id\":\"https:\/\/sunlifehomes-mallorca.com\/es\/#\/schema\/person\/65323e49db7622bcfda2d479a29444e1\"},\"headline\":\"Mallorca en invierno\",\"datePublished\":\"2025-03-19T13:48:52+00:00\",\"dateModified\":\"2025-04-11T09:57:03+00:00\",\"mainEntityOfPage\":{\"@id\":\"https:\/\/sunlifehomes-mallorca.com\/es\/2025\/03\/19\/mallorca-en-invierno\/\"},\"wordCount\":590,\"publisher\":{\"@id\":\"https:\/\/sunlifehomes-mallorca.com\/es\/#organization\"},\"image\":{\"@id\":\"https:\/\/sunlifehomes-mallorca.com\/es\/2025\/03\/19\/mallorca-en-invierno\/#primaryimage\"},\"thumbnailUrl\":\"https:\/\/sunlifehomes-mallorca.com\/wp-content\/uploads\/2025\/03\/3.Mallorca-im-Winter-\u2013-Portals-Vells-2025-scaled.jpg\",\"articleSection\":[\"Sin categorizar\"],\"inLanguage\":\"es\"},{\"@type\":\"WebPage\",\"@id\":\"https:\/\/sunlifehomes-mallorca.com\/es\/2025\/03\/19\/mallorca-en-invierno\/\",\"url\":\"https:\/\/sunlifehomes-mallorca.com\/es\/2025\/03\/19\/mallorca-en-invierno\/\",\"name\":\"Mallorca en invierno - Sunlife Homes Mallorca\",\"isPartOf\":{\"@id\":\"https:\/\/sunlifehomes-mallorca.com\/es\/#website\"},\"primaryImageOfPage\":{\"@id\":\"https:\/\/sunlifehomes-mallorca.com\/es\/2025\/03\/19\/mallorca-en-invierno\/#primaryimage\"},\"image\":{\"@id\":\"https:\/\/sunlifehomes-mallorca.com\/es\/2025\/03\/19\/mallorca-en-invierno\/#primaryimage\"},\"thumbnailUrl\":\"https:\/\/sunlifehomes-mallorca.com\/wp-content\/uploads\/2025\/03\/3.Mallorca-im-Winter-\u2013-Portals-Vells-2025-scaled.jpg\",\"datePublished\":\"2025-03-19T13:48:52+00:00\",\"dateModified\":\"2025-04-11T09:57:03+00:00\",\"breadcrumb\":{\"@id\":\"https:\/\/sunlifehomes-mallorca.com\/es\/2025\/03\/19\/mallorca-en-invierno\/#breadcrumb\"},\"inLanguage\":\"es\",\"potentialAction\":[{\"@type\":\"ReadAction\",\"target\":[\"https:\/\/sunlifehomes-mallorca.com\/es\/2025\/03\/19\/mallorca-en-invierno\/\"]}]},{\"@type\":\"ImageObject\",\"inLanguage\":\"es\",\"@id\":\"https:\/\/sunlifehomes-mallorca.com\/es\/2025\/03\/19\/mallorca-en-invierno\/#primaryimage\",\"url\":\"https:\/\/sunlifehomes-mallorca.com\/wp-content\/uploads\/2025\/03\/3.Mallorca-im-Winter-\u2013-Portals-Vells-2025-scaled.jpg\",\"contentUrl\":\"https:\/\/sunlifehomes-mallorca.com\/wp-content\/uploads\/2025\/03\/3.Mallorca-im-Winter-\u2013-Portals-Vells-2025-scaled.jpg\",\"width\":2560,\"height\":1440,\"caption\":\"default\"},{\"@type\":\"BreadcrumbList\",\"@id\":\"https:\/\/sunlifehomes-mallorca.com\/es\/2025\/03\/19\/mallorca-en-invierno\/#breadcrumb\",\"itemListElement\":[{\"@type\":\"ListItem\",\"position\":1,\"name\":\"Startseite\",\"item\":\"https:\/\/sunlifehomes-mallorca.com\/es\/\"},{\"@type\":\"ListItem\",\"position\":2,\"name\":\"Mallorca en invierno\"}]},{\"@type\":\"WebSite\",\"@id\":\"https:\/\/sunlifehomes-mallorca.com\/es\/#website\",\"url\":\"https:\/\/sunlifehomes-mallorca.com\/es\/\",\"name\":\"Sunlife Homes Mallorca\",\"description\":\"Real Estate\",\"publisher\":{\"@id\":\"https:\/\/sunlifehomes-mallorca.com\/es\/#organization\"},\"potentialAction\":[{\"@type\":\"SearchAction\",\"target\":{\"@type\":\"EntryPoint\",\"urlTemplate\":\"https:\/\/sunlifehomes-mallorca.com\/es\/?s={search_term_string}\"},\"query-input\":{\"@type\":\"PropertyValueSpecification\",\"valueRequired\":true,\"valueName\":\"search_term_string\"}}],\"inLanguage\":\"es\"},{\"@type\":\"Organization\",\"@id\":\"https:\/\/sunlifehomes-mallorca.com\/es\/#organization\",\"name\":\"Sunlife Homes Mallorca\",\"url\":\"https:\/\/sunlifehomes-mallorca.com\/es\/\",\"logo\":{\"@type\":\"ImageObject\",\"inLanguage\":\"es\",\"@id\":\"https:\/\/sunlifehomes-mallorca.com\/es\/#\/schema\/logo\/image\/\",\"url\":\"https:\/\/sunlifehomes-mallorca.com\/wp-content\/uploads\/2024\/01\/sunlifehomes_mallorcaV6-animiert.svg\",\"contentUrl\":\"https:\/\/sunlifehomes-mallorca.com\/wp-content\/uploads\/2024\/01\/sunlifehomes_mallorcaV6-animiert.svg\",\"width\":265,\"height\":62,\"caption\":\"Sunlife Homes Mallorca\"},\"image\":{\"@id\":\"https:\/\/sunlifehomes-mallorca.com\/es\/#\/schema\/logo\/image\/\"}},{\"@type\":\"Person\",\"@id\":\"https:\/\/sunlifehomes-mallorca.com\/es\/#\/schema\/person\/65323e49db7622bcfda2d479a29444e1\",\"name\":\"mk_admin\",\"sameAs\":[\"http:\/\/sunlifehomes-mallorca.com\"],\"url\":\"https:\/\/sunlifehomes-mallorca.com\/es\/author\/mk_admin\/\"}]}<\/script>\n<!-- \/ Yoast SEO plugin. -->","yoast_head_json":{"title":"Mallorca en invierno - Sunlife Homes Mallorca","robots":{"index":"index","follow":"follow","max-snippet":"max-snippet:-1","max-image-preview":"max-image-preview:large","max-video-preview":"max-video-preview:-1"},"canonical":"https:\/\/sunlifehomes-mallorca.com\/es\/2025\/03\/19\/mallorca-en-invierno\/","og_locale":"es_ES","og_type":"article","og_title":"Mallorca en invierno - Sunlife Homes Mallorca","og_description":"Descubra la belleza tranquila de la isla Mallorca no es solo un para\u00edso de verano, sino tambi\u00e9n un destino impresionante durante los meses de invierno, con un clima suave, un ambiente relajado y numerosas opciones de ocio. Mientras que en verano las playas est\u00e1n llenas de turistas, en invierno la isla muestra un lado m\u00e1s [&hellip;]","og_url":"https:\/\/sunlifehomes-mallorca.com\/es\/2025\/03\/19\/mallorca-en-invierno\/","og_site_name":"Sunlife Homes Mallorca","article_published_time":"2025-03-19T13:48:52+00:00","article_modified_time":"2025-04-11T09:57:03+00:00","og_image":[{"width":2560,"height":1440,"url":"https:\/\/sunlifehomes-mallorca.com\/wp-content\/uploads\/2025\/03\/3.Mallorca-im-Winter-\u2013-Portals-Vells-2025-scaled.jpg","type":"image\/jpeg"}],"author":"mk_admin","twitter_card":"summary_large_image","twitter_misc":{"Escrito por":"mk_admin","Tiempo de lectura":"4 minutos"},"schema":{"@context":"https:\/\/schema.org","@graph":[{"@type":"Article","@id":"https:\/\/sunlifehomes-mallorca.com\/es\/2025\/03\/19\/mallorca-en-invierno\/#article","isPartOf":{"@id":"https:\/\/sunlifehomes-mallorca.com\/es\/2025\/03\/19\/mallorca-en-invierno\/"},"author":{"name":"mk_admin","@id":"https:\/\/sunlifehomes-mallorca.com\/es\/#\/schema\/person\/65323e49db7622bcfda2d479a29444e1"},"headline":"Mallorca en invierno","datePublished":"2025-03-19T13:48:52+00:00","dateModified":"2025-04-11T09:57:03+00:00","mainEntityOfPage":{"@id":"https:\/\/sunlifehomes-mallorca.com\/es\/2025\/03\/19\/mallorca-en-invierno\/"},"wordCount":590,"publisher":{"@id":"https:\/\/sunlifehomes-mallorca.com\/es\/#organization"},"image":{"@id":"https:\/\/sunlifehomes-mallorca.com\/es\/2025\/03\/19\/mallorca-en-invierno\/#primaryimage"},"thumbnailUrl":"https:\/\/sunlifehomes-mallorca.com\/wp-content\/uploads\/2025\/03\/3.Mallorca-im-Winter-\u2013-Portals-Vells-2025-scaled.jpg","articleSection":["Sin categorizar"],"inLanguage":"es"},{"@type":"WebPage","@id":"https:\/\/sunlifehomes-mallorca.com\/es\/2025\/03\/19\/mallorca-en-invierno\/","url":"https:\/\/sunlifehomes-mallorca.com\/es\/2025\/03\/19\/mallorca-en-invierno\/","name":"Mallorca en invierno - Sunlife Homes Mallorca","isPartOf":{"@id":"https:\/\/sunlifehomes-mallorca.com\/es\/#website"},"primaryImageOfPage":{"@id":"https:\/\/sunlifehomes-mallorca.com\/es\/2025\/03\/19\/mallorca-en-invierno\/#primaryimage"},"image":{"@id":"https:\/\/sunlifehomes-mallorca.com\/es\/2025\/03\/19\/mallorca-en-invierno\/#primaryimage"},"thumbnailUrl":"https:\/\/sunlifehomes-mallorca.com\/wp-content\/uploads\/2025\/03\/3.Mallorca-im-Winter-\u2013-Portals-Vells-2025-scaled.jpg","datePublished":"2025-03-19T13:48:52+00:00","dateModified":"2025-04-11T09:57:03+00:00","breadcrumb":{"@id":"https:\/\/sunlifehomes-mallorca.com\/es\/2025\/03\/19\/mallorca-en-invierno\/#breadcrumb"},"inLanguage":"es","potentialAction":[{"@type":"ReadAction","target":["https:\/\/sunlifehomes-mallorca.com\/es\/2025\/03\/19\/mallorca-en-invierno\/"]}]},{"@type":"ImageObject","inLanguage":"es","@id":"https:\/\/sunlifehomes-mallorca.com\/es\/2025\/03\/19\/mallorca-en-invierno\/#primaryimage","url":"https:\/\/sunlifehomes-mallorca.com\/wp-content\/uploads\/2025\/03\/3.Mallorca-im-Winter-\u2013-Portals-Vells-2025-scaled.jpg","contentUrl":"https:\/\/sunlifehomes-mallorca.com\/wp-content\/uploads\/2025\/03\/3.Mallorca-im-Winter-\u2013-Portals-Vells-2025-scaled.jpg","width":2560,"height":1440,"caption":"default"},{"@type":"BreadcrumbList","@id":"https:\/\/sunlifehomes-mallorca.com\/es\/2025\/03\/19\/mallorca-en-invierno\/#breadcrumb","itemListElement":[{"@type":"ListItem","position":1,"name":"Startseite","item":"https:\/\/sunlifehomes-mallorca.com\/es\/"},{"@type":"ListItem","position":2,"name":"Mallorca en invierno"}]},{"@type":"WebSite","@id":"https:\/\/sunlifehomes-mallorca.com\/es\/#website","url":"https:\/\/sunlifehomes-mallorca.com\/es\/","name":"Sunlife Homes Mallorca","description":"Real Estate","publisher":{"@id":"https:\/\/sunlifehomes-mallorca.com\/es\/#organization"},"potentialAction":[{"@type":"SearchAction","target":{"@type":"EntryPoint","urlTemplate":"https:\/\/sunlifehomes-mallorca.com\/es\/?s={search_term_string}"},"query-input":{"@type":"PropertyValueSpecification","valueRequired":true,"valueName":"search_term_string"}}],"inLanguage":"es"},{"@type":"Organization","@id":"https:\/\/sunlifehomes-mallorca.com\/es\/#organization","name":"Sunlife Homes Mallorca","url":"https:\/\/sunlifehomes-mallorca.com\/es\/","logo":{"@type":"ImageObject","inLanguage":"es","@id":"https:\/\/sunlifehomes-mallorca.com\/es\/#\/schema\/logo\/image\/","url":"https:\/\/sunlifehomes-mallorca.com\/wp-content\/uploads\/2024\/01\/sunlifehomes_mallorcaV6-animiert.svg","contentUrl":"https:\/\/sunlifehomes-mallorca.com\/wp-content\/uploads\/2024\/01\/sunlifehomes_mallorcaV6-animiert.svg","width":265,"height":62,"caption":"Sunlife Homes Mallorca"},"image":{"@id":"https:\/\/sunlifehomes-mallorca.com\/es\/#\/schema\/logo\/image\/"}},{"@type":"Person","@id":"https:\/\/sunlifehomes-mallorca.com\/es\/#\/schema\/person\/65323e49db7622bcfda2d479a29444e1","name":"mk_admin","sameAs":["http:\/\/sunlifehomes-mallorca.com"],"url":"https:\/\/sunlifehomes-mallorca.com\/es\/author\/mk_admin\/"}]}},"_links":{"self":[{"href":"https:\/\/sunlifehomes-mallorca.com\/es\/wp-json\/wp\/v2\/posts\/1518","targetHints":{"allow":["GET"]}}],"collection":[{"href":"https:\/\/sunlifehomes-mallorca.com\/es\/wp-json\/wp\/v2\/posts"}],"about":[{"href":"https:\/\/sunlifehomes-mallorca.com\/es\/wp-json\/wp\/v2\/types\/post"}],"author":[{"embeddable":true,"href":"https:\/\/sunlifehomes-mallorca.com\/es\/wp-json\/wp\/v2\/users\/1"}],"replies":[{"embeddable":true,"href":"https:\/\/sunlifehomes-mallorca.com\/es\/wp-json\/wp\/v2\/comments?post=1518"}],"version-history":[{"count":1,"href":"https:\/\/sunlifehomes-mallorca.com\/es\/wp-json\/wp\/v2\/posts\/1518\/revisions"}],"predecessor-version":[{"id":1519,"href":"https:\/\/sunlifehomes-mallorca.com\/es\/wp-json\/wp\/v2\/posts\/1518\/revisions\/1519"}],"wp:featuredmedia":[{"embeddable":true,"href":"https:\/\/sunlifehomes-mallorca.com\/es\/wp-json\/wp\/v2\/media\/1248"}],"wp:attachment":[{"href":"https:\/\/sunlifehomes-mallorca.com\/es\/wp-json\/wp\/v2\/media?parent=1518"}],"wp:term":[{"taxonomy":"category","embeddable":true,"href":"https:\/\/sunlifehomes-mallorca.com\/es\/wp-json\/wp\/v2\/categories?post=1518"},{"taxonomy":"post_tag","embeddable":true,"href":"https:\/\/sunlifehomes-mallorca.com\/es\/wp-json\/wp\/v2\/tags?post=1518"}],"curies":[{"name":"wp","href":"https:\/\/api.w.org\/{rel}","templated":true}]}}