{"id":1520,"date":"2025-03-18T14:33:10","date_gmt":"2025-03-18T13:33:10","guid":{"rendered":"https:\/\/sunlifehomes-mallorca.com\/?p=1520"},"modified":"2025-04-11T12:03:07","modified_gmt":"2025-04-11T10:03:07","slug":"palma-de-mallorca","status":"publish","type":"post","link":"https:\/\/sunlifehomes-mallorca.com\/en\/2025\/03\/18\/palma-de-mallorca\/","title":{"rendered":"Palma de Mallorca"},"content":{"rendered":"<div class=\"wp-block-post-date\"><time datetime=\"2025-03-18T14:33:10+01:00\">18. March 2025<\/time><\/div>\n\n<h1 class=\"wp-block-post-title\">Palma de Mallorca<\/h1>\n\n\n<h4 class=\"wp-block-heading\">The Fascinating Capital of the Balearic Islands<\/h4>\n\n\n\n<p>Palma de Mallorca, the vibrant capital of the Balearic Islands, is much more than just the economic and cultural hub of the island. With its rich history, breathtaking architecture, and Mediterranean lifestyle, it captivates both visitors and residents alike. But what makes Palma so special?<\/p>\n\n\n\n<div style=\"height:20px\" aria-hidden=\"true\" class=\"wp-block-spacer\"><\/div>\n\n\n\n<h3 class=\"wp-block-heading\">A City with History<\/h3>\n\n\n\n<p>Palma was founded by the Romans in 123 BC and has a rich and eventful past. After Roman rule, the city experienced occupation by the Vandals, the Moors, and finally the reconquest by King Jaume I of Arag\u00f3n in 1229. These diverse influences are still evident today in the city&#8217;s architecture and culture.<\/p>\n\n\n\n<div style=\"height:20px\" aria-hidden=\"true\" class=\"wp-block-spacer\"><\/div>\n\n\n\n<h3 class=\"wp-block-heading\">Impressive Architecture<\/h3>\n\n\n\n<p>The unmistakable landmark of Palma is undoubtedly the majestic <strong>La Seu Cathedral<\/strong>. This Gothic masterpiece, built on the remains of a former mosque, impresses with its stunning fa\u00e7ade, massive stained-glass windows, and renovations by Antoni Gaud\u00ed. Another architectural highlight is the <strong>Royal Palace of La Almudaina<\/strong>, which was once a Moorish fortress and now serves as an official residence of the Spanish royal family.<\/p>\n\n\n\n<div style=\"height:20px\" aria-hidden=\"true\" class=\"wp-block-spacer\"><\/div>\n\n\n\n<h3 class=\"wp-block-heading\">The Old Town \u2013 A Maze of History<\/h3>\n\n\n\n<p>The winding streets of the old town invite visitors to explore. Here, you will find magnificent mansions with courtyards, traditional markets such as the <strong>Mercat de l\u2019Olivar<\/strong>, and charming squares like <strong>Pla\u00e7a Major<\/strong>. Shopping enthusiasts will love the elegant boutiques along <strong>Passeig del Born<\/strong>, often referred to as &#8220;the little Champs-\u00c9lys\u00e9es.&#8221;<\/p>\n\n\n\n<div style=\"height:20px\" aria-hidden=\"true\" class=\"wp-block-spacer\"><\/div>\n\n\n\n<h3 class=\"wp-block-heading\">Art and Culture<\/h3>\n\n\n\n<p>Palma boasts a diverse cultural scene with museums, galleries, and events. The <strong>Es Baluard Museum<\/strong> for modern and contemporary art houses works by Mir\u00f3, Picasso, and other renowned artists. Additionally, the <strong>Fundaci\u00f3 Joan Mir\u00f3<\/strong> allows visitors to explore the workshop of the famous painter, who spent much of his life on Mallorca.<\/p>\n\n\n\n<div style=\"height:20px\" aria-hidden=\"true\" class=\"wp-block-spacer\"><\/div>\n\n\n\n<h3 class=\"wp-block-heading\">Gastronomy and Culinary Delights<\/h3>\n\n\n\n<p>Palma is a paradise for food lovers. From traditional tapas bars to Michelin-starred restaurants, the city offers an extraordinary culinary variety. Particularly popular are the markets <strong>Mercat de Santa Catalina<\/strong> and <strong>Mercat de l\u2019Olivar<\/strong>, where you can find fresh local products and Mallorcan specialties such as <strong>Ensaimada<\/strong>, <strong>Sobrasada<\/strong>, and <strong>Frito Mallorqu\u00edn<\/strong>.<\/p>\n\n\n\n<div style=\"height:20px\" aria-hidden=\"true\" class=\"wp-block-spacer\"><\/div>\n\n\n\n<h3 class=\"wp-block-heading\">Beaches and Harbor<\/h3>\n\n\n\n<p>Although Palma is a major city, it is located right by the sea and offers beautiful beaches such as <strong>Playa de Palma<\/strong>, the smaller and quieter <strong>Cala Major<\/strong>, and the <strong>city beach Platja de Can Pere Antoni<\/strong>, which is just a short walk from the old town and offers a stunning view of the cathedral. The <strong>Puerto de Palma<\/strong>, one of the most important yacht harbors in the Mediterranean, provides a magnificent setting with luxury yachts and top-class restaurants along the promenade.<\/p>\n\n\n\n<div style=\"height:20px\" aria-hidden=\"true\" class=\"wp-block-spacer\"><\/div>\n\n\n\n<h3 class=\"wp-block-heading\">The Vibrant Nightlife<\/h3>\n\n\n\n<p>Palma boasts a lively nightlife with numerous bars, clubs, and live music venues. Particularly famous is the <strong>La Lonja<\/strong> district, where visitors can enjoy stylish bars or sample Mallorcan wine in traditional bodegas. Additionally, the <strong>Paseo Mar\u00edtimo<\/strong>, with its trendy clubs, and the <strong>Santa Catalina district<\/strong>, known for its fashionable bars and restaurants, offer a vibrant nightlife scene for night owls.<\/p>\n\n\n\n<div style=\"height:20px\" aria-hidden=\"true\" class=\"wp-block-spacer\"><\/div>\n\n\n\n<h2 class=\"wp-block-heading\">Conclusion<\/h2>\n\n\n\n<p>Palma de Mallorca uniquely combines history, culture, Mediterranean charm, and modern city life. Whether for a short visit or as a permanent residence, the city has something to offer everyone. Those who live in Palma or seek real estate will find an urban paradise with a high standard of living and an outstanding quality of life.<\/p>\n\n\n\n<p><strong>Would you like to learn more about life in Palma or find an exclusive property? SUNLIFE HOMES MALLORCA is here to assist you with expert advice. <\/strong><strong>Contact us today!<\/strong><\/p>\n","protected":false},"excerpt":{"rendered":"<p>The Fascinating Capital of the Balearic Islands Palma de Mallorca, the vibrant capital of the Balearic Islands, is much more than just the economic and cultural hub of the island. With its rich history, breathtaking architecture, and Mediterranean lifestyle, it captivates both visitors and residents alike. But what makes Palma so special? A City with [&hellip;]<\/p>\n","protected":false},"author":1,"featured_media":1232,"comment_status":"closed","ping_status":"closed","sticky":false,"template":"","format":"standard","meta":{"footnotes":""},"categories":[1],"tags":[],"class_list":["post-1520","post","type-post","status-publish","format-standard","has-post-thumbnail","hentry","category-unkategorisiert"],"yoast_head":"<!-- This site is optimized with the Yoast SEO plugin v23.9 - https:\/\/yoast.com\/wordpress\/plugins\/seo\/ -->\n<title>Palma de Mallorca - Sunlife Homes Mallorca<\/title>\n<meta name=\"robots\" content=\"index, follow, max-snippet:-1, max-image-preview:large, max-video-preview:-1\" \/>\n<link rel=\"canonical\" href=\"https:\/\/sunlifehomes-mallorca.com\/en\/2025\/03\/18\/palma-de-mallorca\/\" \/>\n<meta property=\"og:locale\" content=\"en_US\" \/>\n<meta property=\"og:type\" content=\"article\" \/>\n<meta property=\"og:title\" content=\"Palma de Mallorca - Sunlife Homes Mallorca\" \/>\n<meta property=\"og:description\" content=\"The Fascinating Capital of the Balearic Islands Palma de Mallorca, the vibrant capital of the Balearic Islands, is much more than just the economic and cultural hub of the island. With its rich history, breathtaking architecture, and Mediterranean lifestyle, it captivates both visitors and residents alike. But what makes Palma so special? A City with [&hellip;]\" \/>\n<meta property=\"og:url\" content=\"https:\/\/sunlifehomes-mallorca.com\/en\/2025\/03\/18\/palma-de-mallorca\/\" \/>\n<meta property=\"og:site_name\" content=\"Sunlife Homes Mallorca\" \/>\n<meta property=\"article:published_time\" content=\"2025-03-18T13:33:10+00:00\" \/>\n<meta property=\"article:modified_time\" content=\"2025-04-11T10:03:07+00:00\" \/>\n<meta property=\"og:image\" content=\"https:\/\/sunlifehomes-mallorca.com\/wp-content\/uploads\/2025\/03\/2.Palma-de-Mallorca-1.jpg\" \/>\n\t<meta property=\"og:image:width\" content=\"1830\" \/>\n\t<meta property=\"og:image:height\" content=\"2048\" \/>\n\t<meta property=\"og:image:type\" content=\"image\/jpeg\" \/>\n<meta name=\"author\" content=\"mk_admin\" \/>\n<meta name=\"twitter:card\" content=\"summary_large_image\" \/>\n<meta name=\"twitter:label1\" content=\"Written by\" \/>\n\t<meta name=\"twitter:data1\" content=\"mk_admin\" \/>\n\t<meta name=\"twitter:label2\" content=\"Est. reading time\" \/>\n\t<meta name=\"twitter:data2\" content=\"4 minutes\" \/>\n<script type=\"application\/ld+json\" class=\"yoast-schema-graph\">{\"@context\":\"https:\/\/schema.org\",\"@graph\":[{\"@type\":\"Article\",\"@id\":\"https:\/\/sunlifehomes-mallorca.com\/en\/2025\/03\/18\/palma-de-mallorca\/#article\",\"isPartOf\":{\"@id\":\"https:\/\/sunlifehomes-mallorca.com\/en\/2025\/03\/18\/palma-de-mallorca\/\"},\"author\":{\"name\":\"mk_admin\",\"@id\":\"https:\/\/sunlifehomes-mallorca.com\/es\/#\/schema\/person\/65323e49db7622bcfda2d479a29444e1\"},\"headline\":\"Palma de Mallorca\",\"datePublished\":\"2025-03-18T13:33:10+00:00\",\"dateModified\":\"2025-04-11T10:03:07+00:00\",\"mainEntityOfPage\":{\"@id\":\"https:\/\/sunlifehomes-mallorca.com\/en\/2025\/03\/18\/palma-de-mallorca\/\"},\"wordCount\":588,\"publisher\":{\"@id\":\"https:\/\/sunlifehomes-mallorca.com\/es\/#organization\"},\"image\":{\"@id\":\"https:\/\/sunlifehomes-mallorca.com\/en\/2025\/03\/18\/palma-de-mallorca\/#primaryimage\"},\"thumbnailUrl\":\"https:\/\/sunlifehomes-mallorca.com\/wp-content\/uploads\/2025\/03\/2.Palma-de-Mallorca-1.jpg\",\"articleSection\":[\"Unkategorisiert\"],\"inLanguage\":\"en-US\"},{\"@type\":\"WebPage\",\"@id\":\"https:\/\/sunlifehomes-mallorca.com\/en\/2025\/03\/18\/palma-de-mallorca\/\",\"url\":\"https:\/\/sunlifehomes-mallorca.com\/en\/2025\/03\/18\/palma-de-mallorca\/\",\"name\":\"Palma de Mallorca - Sunlife Homes Mallorca\",\"isPartOf\":{\"@id\":\"https:\/\/sunlifehomes-mallorca.com\/es\/#website\"},\"primaryImageOfPage\":{\"@id\":\"https:\/\/sunlifehomes-mallorca.com\/en\/2025\/03\/18\/palma-de-mallorca\/#primaryimage\"},\"image\":{\"@id\":\"https:\/\/sunlifehomes-mallorca.com\/en\/2025\/03\/18\/palma-de-mallorca\/#primaryimage\"},\"thumbnailUrl\":\"https:\/\/sunlifehomes-mallorca.com\/wp-content\/uploads\/2025\/03\/2.Palma-de-Mallorca-1.jpg\",\"datePublished\":\"2025-03-18T13:33:10+00:00\",\"dateModified\":\"2025-04-11T10:03:07+00:00\",\"breadcrumb\":{\"@id\":\"https:\/\/sunlifehomes-mallorca.com\/en\/2025\/03\/18\/palma-de-mallorca\/#breadcrumb\"},\"inLanguage\":\"en-US\",\"potentialAction\":[{\"@type\":\"ReadAction\",\"target\":[\"https:\/\/sunlifehomes-mallorca.com\/en\/2025\/03\/18\/palma-de-mallorca\/\"]}]},{\"@type\":\"ImageObject\",\"inLanguage\":\"en-US\",\"@id\":\"https:\/\/sunlifehomes-mallorca.com\/en\/2025\/03\/18\/palma-de-mallorca\/#primaryimage\",\"url\":\"https:\/\/sunlifehomes-mallorca.com\/wp-content\/uploads\/2025\/03\/2.Palma-de-Mallorca-1.jpg\",\"contentUrl\":\"https:\/\/sunlifehomes-mallorca.com\/wp-content\/uploads\/2025\/03\/2.Palma-de-Mallorca-1.jpg\",\"width\":1830,\"height\":2048},{\"@type\":\"BreadcrumbList\",\"@id\":\"https:\/\/sunlifehomes-mallorca.com\/en\/2025\/03\/18\/palma-de-mallorca\/#breadcrumb\",\"itemListElement\":[{\"@type\":\"ListItem\",\"position\":1,\"name\":\"Startseite\",\"item\":\"https:\/\/sunlifehomes-mallorca.com\/en\/\"},{\"@type\":\"ListItem\",\"position\":2,\"name\":\"Palma de Mallorca\"}]},{\"@type\":\"WebSite\",\"@id\":\"https:\/\/sunlifehomes-mallorca.com\/es\/#website\",\"url\":\"https:\/\/sunlifehomes-mallorca.com\/es\/\",\"name\":\"Sunlife Homes Mallorca\",\"description\":\"Real Estate\",\"publisher\":{\"@id\":\"https:\/\/sunlifehomes-mallorca.com\/es\/#organization\"},\"potentialAction\":[{\"@type\":\"SearchAction\",\"target\":{\"@type\":\"EntryPoint\",\"urlTemplate\":\"https:\/\/sunlifehomes-mallorca.com\/es\/?s={search_term_string}\"},\"query-input\":{\"@type\":\"PropertyValueSpecification\",\"valueRequired\":true,\"valueName\":\"search_term_string\"}}],\"inLanguage\":\"en-US\"},{\"@type\":\"Organization\",\"@id\":\"https:\/\/sunlifehomes-mallorca.com\/es\/#organization\",\"name\":\"Sunlife Homes Mallorca\",\"url\":\"https:\/\/sunlifehomes-mallorca.com\/es\/\",\"logo\":{\"@type\":\"ImageObject\",\"inLanguage\":\"en-US\",\"@id\":\"https:\/\/sunlifehomes-mallorca.com\/es\/#\/schema\/logo\/image\/\",\"url\":\"https:\/\/sunlifehomes-mallorca.com\/wp-content\/uploads\/2024\/01\/sunlifehomes_mallorcaV6-animiert.svg\",\"contentUrl\":\"https:\/\/sunlifehomes-mallorca.com\/wp-content\/uploads\/2024\/01\/sunlifehomes_mallorcaV6-animiert.svg\",\"width\":265,\"height\":62,\"caption\":\"Sunlife Homes Mallorca\"},\"image\":{\"@id\":\"https:\/\/sunlifehomes-mallorca.com\/es\/#\/schema\/logo\/image\/\"}},{\"@type\":\"Person\",\"@id\":\"https:\/\/sunlifehomes-mallorca.com\/es\/#\/schema\/person\/65323e49db7622bcfda2d479a29444e1\",\"name\":\"mk_admin\",\"sameAs\":[\"http:\/\/sunlifehomes-mallorca.com\"],\"url\":\"https:\/\/sunlifehomes-mallorca.com\/en\/author\/mk_admin\/\"}]}<\/script>\n<!-- \/ Yoast SEO plugin. -->","yoast_head_json":{"title":"Palma de Mallorca - Sunlife Homes Mallorca","robots":{"index":"index","follow":"follow","max-snippet":"max-snippet:-1","max-image-preview":"max-image-preview:large","max-video-preview":"max-video-preview:-1"},"canonical":"https:\/\/sunlifehomes-mallorca.com\/en\/2025\/03\/18\/palma-de-mallorca\/","og_locale":"en_US","og_type":"article","og_title":"Palma de Mallorca - Sunlife Homes Mallorca","og_description":"The Fascinating Capital of the Balearic Islands Palma de Mallorca, the vibrant capital of the Balearic Islands, is much more than just the economic and cultural hub of the island. With its rich history, breathtaking architecture, and Mediterranean lifestyle, it captivates both visitors and residents alike. But what makes Palma so special? A City with [&hellip;]","og_url":"https:\/\/sunlifehomes-mallorca.com\/en\/2025\/03\/18\/palma-de-mallorca\/","og_site_name":"Sunlife Homes Mallorca","article_published_time":"2025-03-18T13:33:10+00:00","article_modified_time":"2025-04-11T10:03:07+00:00","og_image":[{"width":1830,"height":2048,"url":"https:\/\/sunlifehomes-mallorca.com\/wp-content\/uploads\/2025\/03\/2.Palma-de-Mallorca-1.jpg","type":"image\/jpeg"}],"author":"mk_admin","twitter_card":"summary_large_image","twitter_misc":{"Written by":"mk_admin","Est. reading time":"4 minutes"},"schema":{"@context":"https:\/\/schema.org","@graph":[{"@type":"Article","@id":"https:\/\/sunlifehomes-mallorca.com\/en\/2025\/03\/18\/palma-de-mallorca\/#article","isPartOf":{"@id":"https:\/\/sunlifehomes-mallorca.com\/en\/2025\/03\/18\/palma-de-mallorca\/"},"author":{"name":"mk_admin","@id":"https:\/\/sunlifehomes-mallorca.com\/es\/#\/schema\/person\/65323e49db7622bcfda2d479a29444e1"},"headline":"Palma de Mallorca","datePublished":"2025-03-18T13:33:10+00:00","dateModified":"2025-04-11T10:03:07+00:00","mainEntityOfPage":{"@id":"https:\/\/sunlifehomes-mallorca.com\/en\/2025\/03\/18\/palma-de-mallorca\/"},"wordCount":588,"publisher":{"@id":"https:\/\/sunlifehomes-mallorca.com\/es\/#organization"},"image":{"@id":"https:\/\/sunlifehomes-mallorca.com\/en\/2025\/03\/18\/palma-de-mallorca\/#primaryimage"},"thumbnailUrl":"https:\/\/sunlifehomes-mallorca.com\/wp-content\/uploads\/2025\/03\/2.Palma-de-Mallorca-1.jpg","articleSection":["Unkategorisiert"],"inLanguage":"en-US"},{"@type":"WebPage","@id":"https:\/\/sunlifehomes-mallorca.com\/en\/2025\/03\/18\/palma-de-mallorca\/","url":"https:\/\/sunlifehomes-mallorca.com\/en\/2025\/03\/18\/palma-de-mallorca\/","name":"Palma de Mallorca - Sunlife Homes Mallorca","isPartOf":{"@id":"https:\/\/sunlifehomes-mallorca.com\/es\/#website"},"primaryImageOfPage":{"@id":"https:\/\/sunlifehomes-mallorca.com\/en\/2025\/03\/18\/palma-de-mallorca\/#primaryimage"},"image":{"@id":"https:\/\/sunlifehomes-mallorca.com\/en\/2025\/03\/18\/palma-de-mallorca\/#primaryimage"},"thumbnailUrl":"https:\/\/sunlifehomes-mallorca.com\/wp-content\/uploads\/2025\/03\/2.Palma-de-Mallorca-1.jpg","datePublished":"2025-03-18T13:33:10+00:00","dateModified":"2025-04-11T10:03:07+00:00","breadcrumb":{"@id":"https:\/\/sunlifehomes-mallorca.com\/en\/2025\/03\/18\/palma-de-mallorca\/#breadcrumb"},"inLanguage":"en-US","potentialAction":[{"@type":"ReadAction","target":["https:\/\/sunlifehomes-mallorca.com\/en\/2025\/03\/18\/palma-de-mallorca\/"]}]},{"@type":"ImageObject","inLanguage":"en-US","@id":"https:\/\/sunlifehomes-mallorca.com\/en\/2025\/03\/18\/palma-de-mallorca\/#primaryimage","url":"https:\/\/sunlifehomes-mallorca.com\/wp-content\/uploads\/2025\/03\/2.Palma-de-Mallorca-1.jpg","contentUrl":"https:\/\/sunlifehomes-mallorca.com\/wp-content\/uploads\/2025\/03\/2.Palma-de-Mallorca-1.jpg","width":1830,"height":2048},{"@type":"BreadcrumbList","@id":"https:\/\/sunlifehomes-mallorca.com\/en\/2025\/03\/18\/palma-de-mallorca\/#breadcrumb","itemListElement":[{"@type":"ListItem","position":1,"name":"Startseite","item":"https:\/\/sunlifehomes-mallorca.com\/en\/"},{"@type":"ListItem","position":2,"name":"Palma de Mallorca"}]},{"@type":"WebSite","@id":"https:\/\/sunlifehomes-mallorca.com\/es\/#website","url":"https:\/\/sunlifehomes-mallorca.com\/es\/","name":"Sunlife Homes Mallorca","description":"Real Estate","publisher":{"@id":"https:\/\/sunlifehomes-mallorca.com\/es\/#organization"},"potentialAction":[{"@type":"SearchAction","target":{"@type":"EntryPoint","urlTemplate":"https:\/\/sunlifehomes-mallorca.com\/es\/?s={search_term_string}"},"query-input":{"@type":"PropertyValueSpecification","valueRequired":true,"valueName":"search_term_string"}}],"inLanguage":"en-US"},{"@type":"Organization","@id":"https:\/\/sunlifehomes-mallorca.com\/es\/#organization","name":"Sunlife Homes Mallorca","url":"https:\/\/sunlifehomes-mallorca.com\/es\/","logo":{"@type":"ImageObject","inLanguage":"en-US","@id":"https:\/\/sunlifehomes-mallorca.com\/es\/#\/schema\/logo\/image\/","url":"https:\/\/sunlifehomes-mallorca.com\/wp-content\/uploads\/2024\/01\/sunlifehomes_mallorcaV6-animiert.svg","contentUrl":"https:\/\/sunlifehomes-mallorca.com\/wp-content\/uploads\/2024\/01\/sunlifehomes_mallorcaV6-animiert.svg","width":265,"height":62,"caption":"Sunlife Homes Mallorca"},"image":{"@id":"https:\/\/sunlifehomes-mallorca.com\/es\/#\/schema\/logo\/image\/"}},{"@type":"Person","@id":"https:\/\/sunlifehomes-mallorca.com\/es\/#\/schema\/person\/65323e49db7622bcfda2d479a29444e1","name":"mk_admin","sameAs":["http:\/\/sunlifehomes-mallorca.com"],"url":"https:\/\/sunlifehomes-mallorca.com\/en\/author\/mk_admin\/"}]}},"_links":{"self":[{"href":"https:\/\/sunlifehomes-mallorca.com\/en\/wp-json\/wp\/v2\/posts\/1520","targetHints":{"allow":["GET"]}}],"collection":[{"href":"https:\/\/sunlifehomes-mallorca.com\/en\/wp-json\/wp\/v2\/posts"}],"about":[{"href":"https:\/\/sunlifehomes-mallorca.com\/en\/wp-json\/wp\/v2\/types\/post"}],"author":[{"embeddable":true,"href":"https:\/\/sunlifehomes-mallorca.com\/en\/wp-json\/wp\/v2\/users\/1"}],"replies":[{"embeddable":true,"href":"https:\/\/sunlifehomes-mallorca.com\/en\/wp-json\/wp\/v2\/comments?post=1520"}],"version-history":[{"count":1,"href":"https:\/\/sunlifehomes-mallorca.com\/en\/wp-json\/wp\/v2\/posts\/1520\/revisions"}],"predecessor-version":[{"id":1521,"href":"https:\/\/sunlifehomes-mallorca.com\/en\/wp-json\/wp\/v2\/posts\/1520\/revisions\/1521"}],"wp:featuredmedia":[{"embeddable":true,"href":"https:\/\/sunlifehomes-mallorca.com\/en\/wp-json\/wp\/v2\/media\/1232"}],"wp:attachment":[{"href":"https:\/\/sunlifehomes-mallorca.com\/en\/wp-json\/wp\/v2\/media?parent=1520"}],"wp:term":[{"taxonomy":"category","embeddable":true,"href":"https:\/\/sunlifehomes-mallorca.com\/en\/wp-json\/wp\/v2\/categories?post=1520"},{"taxonomy":"post_tag","embeddable":true,"href":"https:\/\/sunlifehomes-mallorca.com\/en\/wp-json\/wp\/v2\/tags?post=1520"}],"curies":[{"name":"wp","href":"https:\/\/api.w.org\/{rel}","templated":true}]}}